{"id":8936,"date":"2009-11-17T15:01:01","date_gmt":"2009-11-17T12:01:01","guid":{"rendered":"http:\/\/www.nationalturk.com\/?p=8936"},"modified":"2009-11-17T15:01:01","modified_gmt":"2009-11-17T12:01:01","slug":"cocuklarim-domuz-gribi-gecirdi","status":"publish","type":"post","link":"https:\/\/www.nationalturk.com\/tr\/cocuklarim-domuz-gribi-gecirdi\/","title":{"rendered":"&#8220;\u00c7ocuklar\u0131m domuz gribi ge\u00e7irdi&#8221;"},"content":{"rendered":"<p><strong><img loading=\"lazy\" decoding=\"async\" class=\"alignleft size-full wp-image-8938\" title=\"Recep Akda\u011f\" src=\"http:\/\/www.nationalturk.com\/tr\/wp-content\/uploads\/2009\/11\/recep-akdagg260.jpg\" alt=\"Recep Akda\u011f\" width=\"260\" height=\"220\" \/>Sa\u011fl\u0131k Bakan\u0131 Recep Akda\u011f, domuz gribi \u00f6nlemleriyle ilgili a\u00e7\u0131klama yaparken kendi \u00e7ocuklar\u0131n\u0131n da hastal\u0131\u011fa yakaland\u0131klar\u0131n\u0131 fakat atlatt\u0131klar\u0131n\u0131 s\u00f6yledi.<\/strong><\/p>\n<p>Bakan Akda\u011f, okullar\u0131n kapat\u0131lmas\u0131 gibi tedbirlerin b\u00f6lgesel olarak y\u00fcr\u00fct\u00fcld\u00fc\u011f\u00fcn\u00fc ifade ederek &#8220;Aral\u0131k ay\u0131 ba\u015f\u0131nda okul \u00e7a\u011f\u0131ndaki \u00e7ocuklar a\u015f\u0131lanacak. \u00d6\u011frencilerin nerede a\u015f\u0131lanaca\u011f\u0131 hen\u00fcz net de\u011fil.\u00a0Sa\u011fl\u0131k \u00e7al\u0131\u015fanlar\u0131n\u0131n yar\u0131dan daha fazlas\u0131 a\u015f\u0131land\u0131. Hayat\u0131n\u0131 kaybedenlerin y\u00fczde 60&#8217;\u0131n\u0131n ba\u015fka bir rahats\u0131zl\u0131\u011f\u0131 yoktu&#8221; dedi.<\/p>\n<p>A\u015f\u0131latmaya f\u0131rsat bulamadan 4 ya\u015f\u0131ndaki k\u0131z\u0131 ile o\u011flunun da hastal\u0131\u011f\u0131 ge\u00e7irdi\u011fini belirten Akda\u011f, &#8220;Hastal\u0131\u011f\u0131n aral\u0131k ve ocakta zirveye ula\u015fmas\u0131 tahmin ediliyor. Mevsim sonunda hastal\u0131\u011f\u0131n h\u0131z\u0131n\u0131n azalmas\u0131n\u0131 bekliyoruz.\u00a0A\u015f\u0131 konusunda bilimadamlar\u0131na g\u00fcvenmek gerekli. Bireysel tercihlere sayg\u0131 duyulur, zorla a\u015f\u0131 yapm\u0131yoruz. Hastal\u0131\u011f\u0131 ge\u00e7irenlere a\u015f\u0131 yap\u0131lmas\u0131na gerek yok&#8221; diye konu\u015ftu.<\/p>\n","protected":false},"excerpt":{"rendered":"<p>Sa\u011fl\u0131k Bakan\u0131 Recep Akda\u011f, domuz gribi \u00f6nlemleriyle ilgili a\u00e7\u0131klama yaparken kendi \u00e7ocuklar\u0131n\u0131n da hastal\u0131\u011fa yakaland\u0131klar\u0131n\u0131 fakat atlatt\u0131klar\u0131n\u0131 s\u00f6yledi.<\/p>\n","protected":false},"author":4,"featured_media":8938,"comment_status":"open","ping_status":"open","sticky":false,"template":"","format":"standard","meta":{"_acf_changed":false,"footnotes":""},"categories":[6700,5005,6669,6662],"tags":[961,1820,1078,9204,9205,6532,1687],"class_list":["post-8936","post","type-post","status-publish","format-standard","has-post-thumbnail","hentry","category-aile","category-manset","category-saglik","category-yasam","tag-domuz-gribi","tag-domuz-gribi-onlemleri","tag-recep-akdag","tag-recep-akdag-aciklama","tag-recep-akdag-domuz-gribi-aciklamasi","tag-saglik-bakani-recep-akdag","tag-saglik-bakanligi"],"acf":[],"_links":{"self":[{"href":"https:\/\/www.nationalturk.com\/tr\/wp-json\/wp\/v2\/posts\/8936","targetHints":{"allow":["GET"]}}],"collection":[{"href":"https:\/\/www.nationalturk.com\/tr\/wp-json\/wp\/v2\/posts"}],"about":[{"href":"https:\/\/www.nationalturk.com\/tr\/wp-json\/wp\/v2\/types\/post"}],"author":[{"embeddable":true,"href":"https:\/\/www.nationalturk.com\/tr\/wp-json\/wp\/v2\/users\/4"}],"replies":[{"embeddable":true,"href":"https:\/\/www.nationalturk.com\/tr\/wp-json\/wp\/v2\/comments?post=8936"}],"version-history":[{"count":0,"href":"https:\/\/www.nationalturk.com\/tr\/wp-json\/wp\/v2\/posts\/8936\/revisions"}],"wp:featuredmedia":[{"embeddable":true,"href":"https:\/\/www.nationalturk.com\/tr\/wp-json\/wp\/v2\/media\/8938"}],"wp:attachment":[{"href":"https:\/\/www.nationalturk.com\/tr\/wp-json\/wp\/v2\/media?parent=8936"}],"wp:term":[{"taxonomy":"category","embeddable":true,"href":"https:\/\/www.nationalturk.com\/tr\/wp-json\/wp\/v2\/categories?post=8936"},{"taxonomy":"post_tag","embeddable":true,"href":"https:\/\/www.nationalturk.com\/tr\/wp-json\/wp\/v2\/tags?post=8936"}],"curies":[{"name":"wp","href":"https:\/\/api.w.org\/{rel}","templated":true}]}}