{"id":89428,"date":"2011-11-25T11:19:02","date_gmt":"2011-11-25T09:19:02","guid":{"rendered":"http:\/\/www.nationalturk.com\/?p=89428"},"modified":"2011-11-25T11:19:02","modified_gmt":"2011-11-25T09:19:02","slug":"manisa-kirkagac-otobus-kazasi-89428","status":"publish","type":"post","link":"https:\/\/www.nationalturk.com\/tr\/manisa-kirkagac-otobus-kazasi-89428\/","title":{"rendered":"Manisa K\u0131rka\u011fa\u00e7&#8217;ta trafik kazas\u0131: 2 \u00f6l\u00fc 31 yaral\u0131"},"content":{"rendered":"<h1><img loading=\"lazy\" decoding=\"async\" class=\"alignleft size-medium wp-image-89429\" title=\"Manisa\" src=\"http:\/\/www.nationalturk.com\/tr\/wp-content\/uploads\/2011\/11\/manisa_otobus_kazasi-280x185.jpg\" alt=\"\" width=\"280\" height=\"185\" srcset=\"https:\/\/www.nationalturk.com\/tr\/wp-content\/uploads\/2011\/11\/manisa_otobus_kazasi-280x185.jpg 280w, https:\/\/www.nationalturk.com\/tr\/wp-content\/uploads\/2011\/11\/manisa_otobus_kazasi.jpg 500w\" sizes=\"auto, (max-width: 280px) 100vw, 280px\" \/>Manisa K\u0131rka\u011fa\u00e7&#8217;ta trafik kazas\u0131: 2 \u00f6l\u00fc 31 yaral\u0131!\u00a0Manisa\u2019n\u0131n K\u0131rka\u011fa\u00e7 il\u00e7esinde meydana gelen otob\u00fcs kazas\u0131nda 2 ki\u015fi hayat\u0131n\u0131 kaybederken 31 ki\u015fi de yaraland\u0131.<\/h1>\n<p>Kaza, gece saat 22.00 s\u0131ralar\u0131nda, Gelenbe beldesi \u0130stanbul-\u0130zmir \u00e7evre yolu F\u0131rdanlar rampas\u0131nda meydana geldi. Bal\u0131kesir\u2019den \u0130zmir y\u00f6n\u00fcne gitmekte olan Mustafa Keseci y\u00f6netimindeki 16 SM 468 plakal\u0131 kamyona, rampa a\u015fa\u011f\u0131 indi\u011fi s\u0131rada arkas\u0131ndan gelen Burhan B.&#8217;nin kulland\u0131\u011f\u0131 10 VE 800 plakal\u0131 yolcu otob\u00fcs\u00fc \u00e7arpt\u0131. Ara\u00e7lar, \u00e7arp\u0131\u015fman\u0131n etkisiyle bariyerleri a\u015farak 15 metreden \u015farampole yuvarland\u0131. Kazada kamyon \u015fof\u00f6r\u00fc Keseci ve otob\u00fcs yolcular\u0131ndan Seyhan D\u00f6nmez (31) hayat\u0131n\u0131 kaybetti, 31 ki\u015fi ise yaraland\u0131. Kazay\u0131 g\u00f6renler, polis ve sa\u011fl\u0131k ekiplerine bildirdi. Yaral\u0131lar\u0131n bir k\u0131sm\u0131, kazay\u0131 g\u00f6r\u00fcp duran di\u011fer ara\u00e7lar taraf\u0131ndan hastaneye g\u00f6t\u00fcr\u00fcld\u00fc. \u0130hbar \u00fczerine gelen acil yard\u0131m ekipleri de di\u011fer yaral\u0131lar\u0131 ald\u0131. Keseci ve D\u00f6nmez&#8217;in cenazeleri, K\u0131rka\u011fa\u00e7 Devlet Hastanesi morguna kald\u0131r\u0131ld\u0131. K\u0131rka\u011fa\u00e7 Kaymakam\u0131 Ali S\u0131rmal\u0131, kaza yerine giderek incelemelerde bulundu. Olayla ilgili soru\u015fturma devam ediyor.<\/p>\n<!-- Error, Advert is not available at this time due to schedule\/geolocation restrictions! -->\n<!-- Error, Advert is not available at this time due to schedule\/geolocation restrictions! -->\n","protected":false},"excerpt":{"rendered":"<p>Manisa K\u0131rka\u011fa\u00e7&#8217;ta trafik kazas\u0131: 2 \u00f6l\u00fc 31 yaral\u0131! Manisa\u2019n\u0131n K\u0131rka\u011fa\u00e7 il\u00e7esinde meydana gelen otob\u00fcs kazas\u0131nda 2 ki\u015fi hayat\u0131n\u0131 kaybederken 31 ki\u015fi de yaraland\u0131. <\/p>\n","protected":false},"author":4,"featured_media":186596,"comment_status":"open","ping_status":"open","sticky":false,"template":"","format":"standard","meta":{"_acf_changed":false,"footnotes":""},"categories":[349,6805],"tags":[3144,86170,79285,77646],"class_list":["post-89428","post","type-post","status-publish","format-standard","has-post-thumbnail","hentry","category-son-dakika","category-turkiye","tag-manisa","tag-manisa-kaza","tag-manisa-otobus-kazasi","tag-manisa-trafik-kazasi"],"acf":[],"_links":{"self":[{"href":"https:\/\/www.nationalturk.com\/tr\/wp-json\/wp\/v2\/posts\/89428","targetHints":{"allow":["GET"]}}],"collection":[{"href":"https:\/\/www.nationalturk.com\/tr\/wp-json\/wp\/v2\/posts"}],"about":[{"href":"https:\/\/www.nationalturk.com\/tr\/wp-json\/wp\/v2\/types\/post"}],"author":[{"embeddable":true,"href":"https:\/\/www.nationalturk.com\/tr\/wp-json\/wp\/v2\/users\/4"}],"replies":[{"embeddable":true,"href":"https:\/\/www.nationalturk.com\/tr\/wp-json\/wp\/v2\/comments?post=89428"}],"version-history":[{"count":0,"href":"https:\/\/www.nationalturk.com\/tr\/wp-json\/wp\/v2\/posts\/89428\/revisions"}],"wp:featuredmedia":[{"embeddable":true,"href":"https:\/\/www.nationalturk.com\/tr\/wp-json\/wp\/v2\/media\/186596"}],"wp:attachment":[{"href":"https:\/\/www.nationalturk.com\/tr\/wp-json\/wp\/v2\/media?parent=89428"}],"wp:term":[{"taxonomy":"category","embeddable":true,"href":"https:\/\/www.nationalturk.com\/tr\/wp-json\/wp\/v2\/categories?post=89428"},{"taxonomy":"post_tag","embeddable":true,"href":"https:\/\/www.nationalturk.com\/tr\/wp-json\/wp\/v2\/tags?post=89428"}],"curies":[{"name":"wp","href":"https:\/\/api.w.org\/{rel}","templated":true}]}}