{"id":89432,"date":"2011-11-25T11:51:57","date_gmt":"2011-11-25T09:51:57","guid":{"rendered":"http:\/\/www.nationalturk.com\/?p=89432"},"modified":"2011-11-25T12:13:37","modified_gmt":"2011-11-25T10:13:37","slug":"istanbul-siluetine-bir-darbe-daha-otel-insaati-dolmabahce-sarayinin-duvarini-catlatti-89432","status":"publish","type":"post","link":"https:\/\/www.nationalturk.com\/tr\/istanbul-siluetine-bir-darbe-daha-otel-insaati-dolmabahce-sarayinin-duvarini-catlatti-89432\/","title":{"rendered":"\u0130stanbul siluetine bir darbe daha! Otel in\u015faat\u0131 Dolmabah\u00e7e Saray\u0131&#8217;n\u0131n duvar\u0131n\u0131 \u00e7atlatt\u0131"},"content":{"rendered":"<h1><img loading=\"lazy\" decoding=\"async\" class=\"alignleft size-full wp-image-89433\" title=\"Dolmabah\u00e7e Saray\u0131 ve otel in\u015faat\u0131\" src=\"http:\/\/www.nationalturk.com\/tr\/wp-content\/uploads\/2011\/11\/dolmabahce_insaat.jpeg\" alt=\"\" width=\"400\" height=\"267\" srcset=\"https:\/\/www.nationalturk.com\/tr\/wp-content\/uploads\/2011\/11\/dolmabahce_insaat.jpeg 400w, https:\/\/www.nationalturk.com\/tr\/wp-content\/uploads\/2011\/11\/dolmabahce_insaat-280x186.jpg 280w\" sizes=\"auto, (max-width: 400px) 100vw, 400px\" \/>Kazl\u0131\u00e7e\u015fme&#8217;deki g\u00f6kdelenlerin Sultanahmet Camii&#8217;nin minareleri aras\u0131ndaki korkun\u00e7 g\u00f6r\u00fcnt\u00fcs\u00fc haf\u0131zalardaki yerini korurken ve hi\u00e7bir \u015fey yap\u0131lmazken \u015fimdi de Dolmabah\u00e7e Saray\u0131&#8217;n\u0131n dibine yap\u0131lan 14 katl\u0131 otel in\u015faat\u0131 t\u00fcm h\u0131z\u0131yla s\u00fcr\u00fcyor.<\/h1>\n<p>14 katl\u0131 otel in\u015faat\u0131 i\u00e7in Dolmabah\u00e7e Saray\u0131 ile Deniz M\u00fczesi aras\u0131nda kalan tarihi t\u00fct\u00fcn deposu tamamen yok edilirken yerin 7 kat alt\u0131na inilen in\u015faat nedeniyle Dolmabah\u00e7e Saray\u0131&#8217;n\u0131n duvarlar\u0131 \u00e7atlamaya ba\u015flad\u0131. Saray \u00e7evresindeki tarihi binalar\u0131n boyu 18 metreyken otel in\u015faat\u0131 24 metreyi \u00e7oktan ge\u00e7ti.<\/p>\n<p>Radikal gazetesinin haberine g\u00f6re K\u00fclt\u00fcr ve Turizm Bakan\u0131 Ertu\u011frul G\u00fcnay&#8217;\u0131n\u00a02010&#8217;da &#8220;Bo\u011faz\u2019da silueti olumsuz etkileyen ve Dolmabah\u00e7e\u2019den daha y\u00fcksek bir yap\u0131la\u015fma olmas\u0131n&#8221; s\u00f6zlerine ra\u011fmen Koruma Kurulu bunu g\u00f6rmezden gelerek in\u015faat\u0131n y\u00fckselmesine engel olmad\u0131. \u0130n\u015faat s\u0131ras\u0131nda Dolmabah\u00e7e Saray\u0131\u2019n\u0131n duvarlar\u0131nda \u00e7atlaklar olu\u015ftu\u011fu tespit edildi. Milli Saraylar \u2018\u2018\u00c7\u00f6kme tehlikesi var\u2019\u2019 diye rapor yazd\u0131.<\/p>\n<p><strong>BE\u015e\u0130KTA\u015e BELED\u0130YES\u0130&#8217;NE 500 METRE MESAFEDE!<\/strong><\/p>\n<p>\u0130stanbul&#8217;un en g\u00fczel il\u00e7esi konumundaki Be\u015fikta\u015f&#8217;\u0131n b\u00f6\u011fr\u00fcne saplanan otel in\u015faat\u0131 Be\u015fikta\u015f Belediyesi Hizmet Binas\u0131&#8217;na y\u00fcr\u00fcy\u00fc\u015f mesafesinde. Koruma Kurulu&#8217;nun verdi\u011fi enteresan kararlara Be\u015fikta\u015f Belediyesi de sesini \u00e7\u0131karm\u0131yor. Koruma Kurulu&#8217;nun \u00f6nce &#8220;tarihi d\u0131\u015f duvarlar yerinde kalmak suretiyle&#8221; verdi\u011fi izne ra\u011fmen ortada duvar nam\u0131na bir \u015fey kalmad\u0131. Ya\u015fanan s\u00fcre\u00e7te Be\u015fikta\u015f Belediyesi&#8217;nin ihmalleri de s\u00f6z konusu.<\/p>\n<p><strong>Tanr\u0131verdi Holding kimin?<\/strong><\/p>\n<p>14 katl\u0131 otel Tanr\u0131verdi Holding taraf\u0131ndan yap\u0131l\u0131yor ve i\u015fletmesi \u00c7inli otel zinciri Shangri La&#8217;ya verildi. Tanr\u0131verdi holdingin sahibi ise tan\u0131d\u0131k bir isim. \u0130ktidara yak\u0131nl\u0131\u011f\u0131yla da dikkat \u00e7eken Hikmet Tanr\u0131verdi, Malatyaspor kul\u00fcb\u00fcn\u00fcn eski ba\u015fkan\u0131. Tanr\u0131verdi, 2008 y\u0131l\u0131nda, \u0130stanbul Haz\u0131rgiyim ve Konfeksiyon \u0130hracat\u00e7\u0131lar\u0131 Birli\u011fi (\u0130HK\u0130B) Ba\u015fkanl\u0131\u011f\u0131&#8217;na se\u00e7ildi.<\/p>\n<p>\u0130stanbul aylard\u0131r Radikal\u2019in ortaya \u00e7\u0131kard\u0131\u011f\u0131 siluet skandal\u0131n\u0131 konu\u015fuyor. Zeytinburnu\u2019nda y\u00fckselen ve Sultanahmet Camii\u2019nin minarelerinin aras\u0131ndan g\u00f6r\u00fcnen g\u00f6kdelenler i\u00e7in t\u0131ra\u015flans\u0131n diyenlerin say\u0131s\u0131 da fazla. Bu tart\u0131\u015fma s\u00fcrerken Bo\u011faz\u2019da siluete direkt etki eden, Dolmabah\u00e7e Saray\u0131 ve Ba\u015fbakanl\u0131k Ofisi\u2019nin yan\u0131nda ya\u015fanan bir ba\u015fka tarih katliam\u0131 ak\u0131llara durgunluk veriyor.<\/p>\n<p><strong>Daha da y\u00fckselecek<\/strong><br \/>\n1929\u20131930 y\u0131llar\u0131nda t\u00fct\u00fcn deposu ve fabrikas\u0131 olarak Mimar Victor Adaman taraf\u0131ndan in\u015fa edilen tarihi binalar 5 y\u0131l i\u00e7inde betonarme otele d\u00f6nd\u00fc. Ba\u015fta \u2018Dolmabah\u00e7e Saray\u0131\u2019n\u0131n en kuzeyindeki m\u00fcze olarak kullan\u0131lan 18 metre y\u00fcksekli\u011findeki binan\u0131n sa\u00e7aklar\u0131n\u0131 ge\u00e7meyecek \u015fekilde in\u015fa edilmesi \u00f6nerilen otelin y\u00fcksekli\u011fi\u2019 24 metreye ula\u015ft\u0131. G\u00fcnay, 2010\u2019da \u201cBo\u011fazda silueti olumsuz etkileyen ve Dolmabah\u00e7e\u2019den daha y\u00fcksek bir yap\u0131la\u015fma olmas\u0131n\u2019\u2019 talimat\u0131 vermi\u015fti. Bu talimat Koruma Kurulu\u2019na da bildirilmi\u015fti. Ancak kurul bina y\u00fcksekli\u011fini etkileyen plan tadilat\u0131n\u0131 onaylayarak yeni teras ve \u00e7at\u0131 kat\u0131 yap\u0131lmas\u0131na g\u00f6z yumdu.<\/p>\n<p><strong>Koruma Kurulu Ba\u015fkan\u0131, Bakan&#8217;a meydan okuyor!<\/strong><br \/>\nEski 3 No\u2019lu Koruma Kurulu Ba\u015fkan\u0131 Sinan Genim \u2018\u20182005\u2019te tescil edilen binan\u0131n daha sonradan y\u0131k\u0131lmas\u0131 do\u011fru de\u011fil. Ancak bu binan\u0131n tescil edilmesinin do\u011fru olmad\u0131\u011f\u0131n\u0131 d\u00fc\u015f\u00fcn\u00fcyorum\u201d dedi. Genim, \u201cBen kurulda g\u00f6reve ba\u015flad\u0131\u011f\u0131mda bina zaten y\u0131k\u0131lm\u0131\u015ft\u0131. Y\u0131k\u0131m kararlar\u0131nda imzam yok. Bakan\u0131n kurula talimat vermesi ise yasal de\u011fil. \u00c7\u00fcnk\u00fc kurullar \u00f6zerktir. Bakan Bey\u2019in b\u00f6yle bir yetkisi yok\u2019\u2019 diye konu\u015ftu.<\/p>\n<p>Tanr\u0131verdi Holding\u2019in Tekfen Holding\u2019den 2005\u2019te sat\u0131n ald\u0131\u011f\u0131 tarihi binan\u0131n yerindeki in\u015faat son s\u00fcrat devam ediyor. Yerin 7 kat alt\u0131na inen in\u015faat 14 kat olacak. Yeralt\u0131ndaki \u00e7al\u0131\u015fmalar saray koleksiyonlar\u0131 m\u00fczesi ve sanat galerisi olarak kullan\u0131lan Matbah-\u0131 Amire binalar\u0131nda \u00e7atlaklara neden oldu.<\/p>\n<p>Milli Saraylar Daire Ba\u015fkanl\u0131\u011f\u0131, 150 y\u0131ldan bu yana hizmet veren binada \u00e7e\u015fitli zamanlarda depremler ge\u00e7irmesine ra\u011fmen bug\u00fcne kadar herhangi bir \u00e7atlak ve olumsuzluk meydana gelmedi\u011fini vurgulayarak, \u2018binada bir s\u00fcredir k\u0131lcal \u00e7atlaklar olu\u015ftu\u011fu, y\u0131\u011fma duvar ve beton d\u00f6\u015femelerde olu\u015fan \u00e7atlaklar\u0131n tamirattan sonra da devam etti\u011fi, kom\u015fu parselde yap\u0131lan in\u015faat \u00e7al\u0131\u015fmalar\u0131 nedeniyle \u00f6nlenemeyecek riskler ya\u015fand\u0131\u011f\u0131, meydana gelebilecek bir \u00e7\u00f6kmenin can kayb\u0131 ve m\u00fcze koleksiyonu objelerinin yok olmas\u0131na sebep olaca\u011f\u0131n\u0131\u2019 kurula ve ilgili belediyeye bildirdi. Ama bu itiraz bile in\u015faat\u0131n yerin 7 kat alt\u0131na inmesine engel olamad\u0131.<\/p>\n<p><strong>\u2018SWISSOTEL SARAYIN ENSES\u0130NE B\u0130NM\u0130\u015eT\u0130, BU DA OMZUNA B\u0130NM\u0130\u015e<\/strong><br \/>\nSanat Tarih\u00e7i Prof. Dr. Semavi Eyice: T\u00fct\u00fcn depolar\u0131 \u015fehrin end\u00fcstriyel belle\u011fi i\u00e7in \u00f6nemli tarihi yap\u0131lard\u0131r. Tescilli binalar tescili kald\u0131r\u0131lmadan y\u0131k\u0131lamaz. Dolmabah\u00e7e\u2019nin dibinde b\u00f6yle bir in\u015faata izin verilmemeliydi. Swiss- otel saray\u0131n ensesine binmi\u015fti, bu bina da omzuna bindirilmi\u015f. Yaz\u0131k!<br \/>\nEski Mimarlar Odas\u0131 Ba\u015fkan\u0131 Oktay Ekinci: Tescilli bina y\u0131k\u0131lamaz, bu yasaya ayk\u0131r\u0131. K\u0131y\u0131da yeni yap\u0131la\u015f\u0131m yasak. Bo\u011faz \u0130mar Yasas\u0131\u2019na ayk\u0131r\u0131. Ama hepsi \u00e7i\u011fnenmi\u015f.\u2019<\/p>\n<p>Koruma karar\u0131 \u00fczerine koruma karar\u0131 al\u0131narak yok edildi!<br \/>\n1988: Tarihi binan\u0131n otel yap\u0131lmas\u0131 fikri ilk kez g\u00fcndeme geldi. Koruma Kurulu 15.04.1988 tarihinde \u201calan\u0131n Dolmabah\u00e7e Saray\u0131 s\u0131n\u0131rlar\u0131 i\u00e7inde kalmas\u0131\u2019\u2019 nedeniyle turistik tesis yap\u0131lmas\u0131n\u0131n uygun olmad\u0131\u011f\u0131na karar verdi.<\/p>\n<p>1989: Ayn\u0131 kurul, \u201cDolmabah\u00e7e ve Feriye saraylar\u0131n\u0131n y\u00fcksekli\u011fini ge\u00e7memek kayd\u0131yla otel in\u015fa<br \/>\nedilebilece\u011fine ve t\u00fct\u00fcn deposunun y\u0131k\u0131labilece\u011fine\u201d karar verdi. Ancak bu karar tart\u0131\u015fmalar nedeniyle hayata ge\u00e7irilemedi.<\/p>\n<p>1994: Koruma Kurulu \u00f6nerilecek avan projenin \u201cDolmabah\u00e7e Saray\u0131\u2019n\u0131n y\u00fcksekli\u011fini ge\u00e7emeyecek, Saray ve Devlet Konukevi aras\u0131ndaki k\u0131y\u0131 ku\u015fa\u011f\u0131nda tarihsel siluetin i\u00e7indeki uyumlu konumunu g\u00f6sterecek \u015fekilde d\u00fczenlenmesini\u2019\u2019 istedi. 15 g\u00fcn sonra da kurul karar\u0131n\u0131 d\u00fczelterek, \u201cDolmabah\u00e7e Saray\u0131\u2019n\u0131n m\u00fcze olan en kuzeyindeki blokun sa\u00e7ak kotunu ge\u00e7emeyece\u011fini\u2019\u2019 karara ekledi.<\/p>\n<p>2005: \u0130stanbul 3 No\u2019lu Koruma Kurulu yepyeni bir karar ald\u0131 ve binay\u0131 \u2018End\u00fcstriyel miras ba\u011flam\u0131nda korunmas\u0131 gerekli k\u00fclt\u00fcr varl\u0131\u011f\u0131\u2019 olarak tescil etti.<\/p>\n<p>2006: Koruma Kurulu \u201cT\u00fct\u00fcn \u00fcr\u00fcnleri m\u00fczesi yap\u0131lmak, bir sergi alan\u0131 olu\u015fturmak, yap\u0131n\u0131n Dolmabah\u00e7e Saray\u0131\u2019na bakan cephesi ile denize bakan cephelerinin ask\u0131ya al\u0131narak korunmas\u0131 \u015fart\u0131yla\u201d restorasyon projesine onay verdi. \u0130n\u015faat faaliyetleri ba\u015flad\u0131.<\/p>\n<p>2007: Koruma Kurulu yeni bir karar ald\u0131. \u2018\u2018Cephe duvarlar\u0131 s\u00f6k\u00fclmeden sa\u011flanacak yarar\u0131n ba\u015fka \u015fekillerde de sa\u011flanabilece\u011finden hareketle, s\u00f6k\u00fclerek in\u015faat\u0131n s\u00fcrd\u00fcr\u00fclmesi daha do\u011fru bir yakla\u015f\u0131m olacakt\u0131r.\u2019\u2019 Cephe duvarlar\u0131n\u0131n da s\u00f6k\u00fclmesiyle tarihi binada, ta\u015f \u00fcst\u00fcnde ta\u015f kalmad\u0131.<\/p>\n<!-- Error, Advert is not available at this time due to schedule\/geolocation restrictions! -->\n<!-- Error, Advert is not available at this time due to schedule\/geolocation restrictions! -->\n","protected":false},"excerpt":{"rendered":"<p>Kazl\u0131\u00e7e\u015fme&#8217;deki g\u00f6kdelenlerin Sultanahmet Camii&#8217;nin minareleri aras\u0131ndaki korkun\u00e7 g\u00f6r\u00fcnt\u00fcs\u00fc haf\u0131zalardaki yerini korurken ve hi\u00e7bir \u015fey yap\u0131lmazken \u015fimdi de Dolmabah\u00e7e Saray\u0131&#8217;n\u0131n dibine yap\u0131lan 14 katl\u0131 otel in\u015faat\u0131 t\u00fcm h\u0131z\u0131yla s\u00fcr\u00fcyor.<\/p>\n","protected":false},"author":4,"featured_media":89433,"comment_status":"open","ping_status":"open","sticky":false,"template":"","format":"standard","meta":{"_acf_changed":false,"footnotes":""},"categories":[6155,5005,6202,6805],"tags":[86171,3088,27184,821,21800,86173,10719,11446,23334],"class_list":["post-89432","post","type-post","status-publish","format-standard","has-post-thumbnail","hentry","category-gundem","category-manset","category-politika","category-turkiye","tag-basbakanlik-ofisi","tag-deniz-muzesi","tag-dolmabahce-sarayi","tag-ertugrul-gunay","tag-inonu-stadi","tag-milli-saraylar","tag-radikal","tag-radikal-gazetesi","tag-sinan-genim"],"acf":[],"_links":{"self":[{"href":"https:\/\/www.nationalturk.com\/tr\/wp-json\/wp\/v2\/posts\/89432","targetHints":{"allow":["GET"]}}],"collection":[{"href":"https:\/\/www.nationalturk.com\/tr\/wp-json\/wp\/v2\/posts"}],"about":[{"href":"https:\/\/www.nationalturk.com\/tr\/wp-json\/wp\/v2\/types\/post"}],"author":[{"embeddable":true,"href":"https:\/\/www.nationalturk.com\/tr\/wp-json\/wp\/v2\/users\/4"}],"replies":[{"embeddable":true,"href":"https:\/\/www.nationalturk.com\/tr\/wp-json\/wp\/v2\/comments?post=89432"}],"version-history":[{"count":0,"href":"https:\/\/www.nationalturk.com\/tr\/wp-json\/wp\/v2\/posts\/89432\/revisions"}],"wp:featuredmedia":[{"embeddable":true,"href":"https:\/\/www.nationalturk.com\/tr\/wp-json\/wp\/v2\/media\/89433"}],"wp:attachment":[{"href":"https:\/\/www.nationalturk.com\/tr\/wp-json\/wp\/v2\/media?parent=89432"}],"wp:term":[{"taxonomy":"category","embeddable":true,"href":"https:\/\/www.nationalturk.com\/tr\/wp-json\/wp\/v2\/categories?post=89432"},{"taxonomy":"post_tag","embeddable":true,"href":"https:\/\/www.nationalturk.com\/tr\/wp-json\/wp\/v2\/tags?post=89432"}],"curies":[{"name":"wp","href":"https:\/\/api.w.org\/{rel}","templated":true}]}}