{"id":89618,"date":"2011-11-28T10:26:23","date_gmt":"2011-11-28T08:26:23","guid":{"rendered":"http:\/\/www.nationalturk.com\/?p=89618"},"modified":"2011-11-28T10:26:23","modified_gmt":"2011-11-28T08:26:23","slug":"antalyada-cinayet-gelin-kayinvalidesini-oldurdu-89618","status":"publish","type":"post","link":"https:\/\/www.nationalturk.com\/tr\/antalyada-cinayet-gelin-kayinvalidesini-oldurdu-89618\/","title":{"rendered":"Antalya&#8217;da cinayet! Gelin, kay\u0131nvalidesini \u00f6ld\u00fcrd\u00fc!"},"content":{"rendered":"<h1><img loading=\"lazy\" decoding=\"async\" class=\"alignleft size-medium wp-image-89619\" title=\"\" src=\"http:\/\/www.nationalturk.com\/tr\/wp-content\/uploads\/2011\/11\/olay_yeri_1-280x210.jpg\" alt=\"\" width=\"280\" height=\"210\" srcset=\"https:\/\/www.nationalturk.com\/tr\/wp-content\/uploads\/2011\/11\/olay_yeri_1-280x210.jpg 280w, https:\/\/www.nationalturk.com\/tr\/wp-content\/uploads\/2011\/11\/olay_yeri_1.jpg 350w\" sizes=\"auto, (max-width: 280px) 100vw, 280px\" \/>Antalya&#8217;da cinayet! Gelin, kay\u0131nvalidesini \u00f6ld\u00fcrd\u00fc!! Antalya Zeytinlik&#8217;te 6 ayl\u0131k evli gelin ayn\u0131 evde ya\u015fad\u0131\u011f\u0131 kay\u0131nvalidesini bo\u011farak \u00f6ld\u00fcrd\u00fc.<\/h1>\n<p>Al\u0131nan bilgilere g\u00f6re Antalya\u2019n\u0131n Zeytinlik Mahallesi&#8217;nde meydana gelen olayda L.T., ayn\u0131 evde ya\u015fad\u0131\u011f\u0131 kay\u0131nvalidesi P.T. ile gece saatlerinde tart\u0131\u015fmaya ba\u015flad\u0131. Tart\u0131\u015fma sonucu L.T.\u2019nin kay\u0131nvalidesini bo\u011farak \u00f6ld\u00fcrd\u00fc\u011f\u00fc iddia edildi. M.T.\u2019nin haber vermesi \u00fczerine eve gelen akrabalar P.T.\u2019nin cans\u0131z bedeniyle kar\u015f\u0131la\u015ft\u0131. Olay yerine gelen sa\u011fl\u0131k ekipleri, P.T.\u2019nin hayat\u0131n\u0131 kaybetti\u011fini belirledi. Olay\u0131n ard\u0131ndan K\u0131z\u0131lar\u0131k Mahallesi&#8217;ndeki karde\u015finin evine giden L.T. polis arayarak teslim oldu. L.T. polis taraf\u0131ndan g\u00f6zalt\u0131na al\u0131nd\u0131.<\/p>\n<!-- Error, Advert is not available at this time due to schedule\/geolocation restrictions! -->\n<!-- Error, Advert is not available at this time due to schedule\/geolocation restrictions! -->\n","protected":false},"excerpt":{"rendered":"<p>Antalya&#8217;da cinayet! Gelin, kay\u0131nvalidesini \u00f6ld\u00fcrd\u00fc!! Antalya Zeytinlik&#8217;te 6 ayl\u0131k evli gelin ayn\u0131 evde ya\u015fad\u0131\u011f\u0131 kay\u0131nvalidesini bo\u011farak \u00f6ld\u00fcrd\u00fc.<\/p>\n","protected":false},"author":4,"featured_media":186562,"comment_status":"open","ping_status":"open","sticky":false,"template":"","format":"standard","meta":{"_acf_changed":false,"footnotes":""},"categories":[349,6805],"tags":[730,52384,80464],"class_list":["post-89618","post","type-post","status-publish","format-standard","has-post-thumbnail","hentry","category-son-dakika","category-turkiye","tag-antalya","tag-antalya-cinayet","tag-antalyada-cinayet"],"acf":[],"_links":{"self":[{"href":"https:\/\/www.nationalturk.com\/tr\/wp-json\/wp\/v2\/posts\/89618","targetHints":{"allow":["GET"]}}],"collection":[{"href":"https:\/\/www.nationalturk.com\/tr\/wp-json\/wp\/v2\/posts"}],"about":[{"href":"https:\/\/www.nationalturk.com\/tr\/wp-json\/wp\/v2\/types\/post"}],"author":[{"embeddable":true,"href":"https:\/\/www.nationalturk.com\/tr\/wp-json\/wp\/v2\/users\/4"}],"replies":[{"embeddable":true,"href":"https:\/\/www.nationalturk.com\/tr\/wp-json\/wp\/v2\/comments?post=89618"}],"version-history":[{"count":0,"href":"https:\/\/www.nationalturk.com\/tr\/wp-json\/wp\/v2\/posts\/89618\/revisions"}],"wp:featuredmedia":[{"embeddable":true,"href":"https:\/\/www.nationalturk.com\/tr\/wp-json\/wp\/v2\/media\/186562"}],"wp:attachment":[{"href":"https:\/\/www.nationalturk.com\/tr\/wp-json\/wp\/v2\/media?parent=89618"}],"wp:term":[{"taxonomy":"category","embeddable":true,"href":"https:\/\/www.nationalturk.com\/tr\/wp-json\/wp\/v2\/categories?post=89618"},{"taxonomy":"post_tag","embeddable":true,"href":"https:\/\/www.nationalturk.com\/tr\/wp-json\/wp\/v2\/tags?post=89618"}],"curies":[{"name":"wp","href":"https:\/\/api.w.org\/{rel}","templated":true}]}}