{"id":90003,"date":"2011-11-30T14:25:58","date_gmt":"2011-11-30T12:25:58","guid":{"rendered":"http:\/\/www.nationalturk.com\/?p=90003"},"modified":"2011-11-30T14:25:58","modified_gmt":"2011-11-30T12:25:58","slug":"milli-savunma-bakani-genelkurmay-hayir-dese-ne-olacak-90003","status":"publish","type":"post","link":"https:\/\/www.nationalturk.com\/tr\/milli-savunma-bakani-genelkurmay-hayir-dese-ne-olacak-90003\/","title":{"rendered":"Milli Savunma Bakan\u0131: Genelkurmay &#8216;hay\u0131r&#8217; dese ne olacak?"},"content":{"rendered":"<h1><img loading=\"lazy\" decoding=\"async\" class=\"alignleft size-medium wp-image-90004\" title=\"\u0130smet Y\u0131lmaz\" src=\"http:\/\/www.nationalturk.com\/tr\/wp-content\/uploads\/2011\/11\/ismet_yilmazz2-280x185.jpg\" alt=\"\" width=\"280\" height=\"185\" srcset=\"https:\/\/www.nationalturk.com\/tr\/wp-content\/uploads\/2011\/11\/ismet_yilmazz2-280x185.jpg 280w, https:\/\/www.nationalturk.com\/tr\/wp-content\/uploads\/2011\/11\/ismet_yilmazz2.jpg 500w\" sizes=\"auto, (max-width: 280px) 100vw, 280px\" \/>Milli Savunma Bakan\u0131 \u0130smet Y\u0131lmaz, bedelli askerlik d\u00fczenlemesi ile ilgili \u00e7ok enteresan bir a\u00e7\u0131klama yapt\u0131. \u0130smet Y\u0131lmaz, &#8216;Genelkurmay \u2019evet\u2019 dese ne olacak \u2019hay\u0131r\u2019 dese ne olacak. Son s\u00f6z TBMM\u2019ye ait de\u011fil midir?&#8217; dedi.<\/h1>\n<p>Milletvekillerinin \u00a0sorular\u0131n\u0131 yan\u0131tlayan\u00a0Milli Savunma Bakan\u0131 \u0130smet Y\u0131lmaz, bedelli askerlik d\u00fczenlemesini i\u00e7eren yasa tasar\u0131s\u0131yla ilgili Genelkurmay\u2019dan g\u00f6r\u00fc\u015f al\u0131n\u0131p al\u0131nmad\u0131\u011f\u0131 y\u00f6n\u00fcndeki soruya \u00e7ok tart\u0131\u015f\u0131lacak bir cevap verdi. \u0130smet Y\u0131lmaz, &#8220;Ne istedi\u011finizi net s\u00f6yleyin. \u00d6nce demokrasi mi istiyorsunuz \u00f6nce hukuk mu istiyorsunuz.\u00a0Genelkurmay\u2019\u0131n do\u011frudan g\u00f6r\u00fc\u015f\u00fcn\u00fc m\u00fc istiyorsunuz. Genelkurmay \u2019evet\u2019 dese ne olacak \u2019hay\u0131r\u2019 dese ne olacak. Son s\u00f6z milletvekiline ait de\u011fil midir, son s\u00f6z TBMM\u2019ye ait de\u011fil midir?&#8221; diye konu\u015ftu.<\/p>\n<p>Bakan Y\u0131lmaz, bedelli askerlik ile elde edilecek paralar\u0131n ba\u015fka kaynaklara aktar\u0131l\u0131p aktar\u0131lmayaca\u011f\u0131na&#8221; y\u00f6nelik soruya ise &#8220;Bu sadece \u00f6zel bir hesap vard\u0131r. Kanun net s\u00f6yl\u00fcyor. Bu uygulama kapsam\u0131nda \u00f6denecek paralar, Aile ve Sosyal Politikalar Bakanl\u0131\u011f\u0131 ad\u0131na T\u00fcrkiye Cumhuriyeti Ziraat Bankas\u0131na a\u00e7\u0131lacak \u00f6zel bir hesaba yat\u0131r\u0131l\u0131r. B\u00fct\u00e7e a\u00e7\u0131\u011f\u0131 i\u00e7in kullan\u0131lmayacak&#8221; dedi.<\/p>\n<!-- Error, Advert is not available at this time due to schedule\/geolocation restrictions! -->\n<!-- Error, Advert is not available at this time due to schedule\/geolocation restrictions! -->\n","protected":false},"excerpt":{"rendered":"<p>Milli Savunma Bakan\u0131 \u0130smet Y\u0131lmaz, bedelli askerlik d\u00fczenlemesi ile ilgili \u00e7ok enteresan bir a\u00e7\u0131klama yapt\u0131. \u0130smet Y\u0131lmaz, &#8216;Genelkurmay \u2019evet\u2019 dese ne olacak \u2019hay\u0131r\u2019 dese ne olacak. Son s\u00f6z TBMM\u2019ye ait de\u011fil midir?&#8217; dedi.<\/p>\n","protected":false},"author":4,"featured_media":186506,"comment_status":"open","ping_status":"open","sticky":false,"template":"","format":"standard","meta":{"_acf_changed":false,"footnotes":""},"categories":[6155,5005,6202,6805],"tags":[11974,50098,11666,86632,6871],"class_list":["post-90003","post","type-post","status-publish","format-standard","has-post-thumbnail","hentry","category-gundem","category-manset","category-politika","category-turkiye","tag-bedelli-askerlik","tag-bedelli-askerlik-son-dakika","tag-ismet-yilmaz","tag-ismet-yilmaz-aciklama","tag-tbmm"],"acf":[],"_links":{"self":[{"href":"https:\/\/www.nationalturk.com\/tr\/wp-json\/wp\/v2\/posts\/90003","targetHints":{"allow":["GET"]}}],"collection":[{"href":"https:\/\/www.nationalturk.com\/tr\/wp-json\/wp\/v2\/posts"}],"about":[{"href":"https:\/\/www.nationalturk.com\/tr\/wp-json\/wp\/v2\/types\/post"}],"author":[{"embeddable":true,"href":"https:\/\/www.nationalturk.com\/tr\/wp-json\/wp\/v2\/users\/4"}],"replies":[{"embeddable":true,"href":"https:\/\/www.nationalturk.com\/tr\/wp-json\/wp\/v2\/comments?post=90003"}],"version-history":[{"count":0,"href":"https:\/\/www.nationalturk.com\/tr\/wp-json\/wp\/v2\/posts\/90003\/revisions"}],"wp:featuredmedia":[{"embeddable":true,"href":"https:\/\/www.nationalturk.com\/tr\/wp-json\/wp\/v2\/media\/186506"}],"wp:attachment":[{"href":"https:\/\/www.nationalturk.com\/tr\/wp-json\/wp\/v2\/media?parent=90003"}],"wp:term":[{"taxonomy":"category","embeddable":true,"href":"https:\/\/www.nationalturk.com\/tr\/wp-json\/wp\/v2\/categories?post=90003"},{"taxonomy":"post_tag","embeddable":true,"href":"https:\/\/www.nationalturk.com\/tr\/wp-json\/wp\/v2\/tags?post=90003"}],"curies":[{"name":"wp","href":"https:\/\/api.w.org\/{rel}","templated":true}]}}