{"id":90035,"date":"2011-11-30T17:11:04","date_gmt":"2011-11-30T15:11:04","guid":{"rendered":"http:\/\/www.nationalturk.com\/?p=90035"},"modified":"2011-11-30T17:11:04","modified_gmt":"2011-11-30T15:11:04","slug":"adnan-polat-sike-yasasi-degisikligi-90035","status":"publish","type":"post","link":"https:\/\/www.nationalturk.com\/tr\/adnan-polat-sike-yasasi-degisikligi-90035\/","title":{"rendered":"Adnan Polat: \u00c7\u0131kan yasa ile bizim haz\u0131rlad\u0131\u011f\u0131m\u0131z taslak ayn\u0131 de\u011fil"},"content":{"rendered":"<h1><a href=\"http:\/\/www.nationalturk.com\/tr\/wp-content\/uploads\/2011\/11\/adnan-polat-sike-yasasi-degisikligi1.jpg\"><img loading=\"lazy\" decoding=\"async\" class=\"alignnone size-full wp-image-90037\" title=\"Adnan Polat \u015eike Yasas\u0131 De\u011fi\u015fikli\u011fi\" src=\"http:\/\/www.nationalturk.com\/tr\/wp-content\/uploads\/2011\/11\/adnan-polat-sike-yasasi-degisikligi1.jpg\" alt=\"\" width=\"610\" height=\"250\" srcset=\"https:\/\/www.nationalturk.com\/tr\/wp-content\/uploads\/2011\/11\/adnan-polat-sike-yasasi-degisikligi1.jpg 610w, https:\/\/www.nationalturk.com\/tr\/wp-content\/uploads\/2011\/11\/adnan-polat-sike-yasasi-degisikligi1-280x114.jpg 280w\" sizes=\"auto, (max-width: 610px) 100vw, 610px\" \/><\/a><\/h1>\n<h1>Galatasaray eski Ba\u015fkan\u0131 Adnan Polat, &#8216;Sporda \u015eiddet ve D\u00fczensizli\u011fin \u00d6nlenmesi&#8217;ne dair kanun i\u00e7in haz\u0131rlad\u0131klar\u0131 tasla\u011f\u0131n de\u011fi\u015ftirildi\u011fini ve kendi taslaklar\u0131nda olmayan \u015feylerin tasla\u011fa sonradan eklendi\u011fini s\u00f6yledi \/ Galatasaray Haberleri<\/h1>\n<p>Sar\u0131-k\u0131rm\u0131z\u0131l\u0131 kul\u00fcb\u00fcn eski ba\u015fkan\u0131 Adnan Polat, yasay\u0131 kul\u00fcplerin trib\u00fcn ter\u00f6r\u00fcrden kurtulmas\u0131 i\u00e7in ivedilikle \u00e7\u0131kar\u0131lmas\u0131n\u0131 kendilerinin istedi\u011fini belirterek, Ba\u015fbakan Recep Tayyip Erdo\u011fan\u2019\u0131n kendilerini uyarmas\u0131na ra\u011fmen \u0131srar ettiklerini belirtti.<\/p>\n<p>Ednan Polat, Sporda \u015eiddet ve D\u00fczensizli\u011fin \u00d6nlenmesi yasas\u0131n\u0131n haz\u0131rlanmas\u0131nda kendisinin de Kul\u00fcpler Birli\u011fi Vakf\u0131 \u00fcyesi olarak bulundu\u011funu belirterek, &#8221;Biz \u00f6zellikle de 4 b\u00fcy\u00fck kul\u00fcb\u00fcn ba\u015fkan ya da y\u00f6neticileri olarak yasayla ilgili bir taslak haz\u0131rlad\u0131k. Bu taslakta y\u00f6neticiler i\u00e7in 1 &#8211; 3 y\u0131l aras\u0131nda de\u011fi\u015fen hapis cezas\u0131 maddesi ve bu cezan\u0131n paraya \u00e7evrilme h\u00fckm\u00fc de vard\u0131. Biz daha \u00e7ok trib\u00fcn ter\u00f6r\u00fc ve taraftarlar aras\u0131ndaki \u015fiddete y\u00f6nelik maddeler \u00fczerinde durduk. \u00c7\u00fcnk\u00fc bizim de istemedi\u011fimiz trib\u00fcn olaylar\u0131 nedeniyle kul\u00fcplerimiz \u00e7ok a\u011f\u0131r para cezalar\u0131 \u00f6d\u00fcyordu. Daha \u00e7ok bunun \u00f6nlenmesine y\u00f6nelik bir yasa tasla\u011f\u0131 idi&#8221; dedi.<\/p>\n<h2>Adnan Polat; Ba\u015fbakan Erdo\u011fan bizi uyarm\u0131\u015ft\u0131<\/h2>\n<p>Ba\u015fkan Polat, yasa tasla\u011f\u0131n\u0131n Kul\u00fcpler Birli\u011fi Vakf\u0131&#8217;n\u0131n \u00f6ng\u00f6r\u00fcs\u00fcnde hukuk\u00e7ulara haz\u0131rlat\u0131ld\u0131\u011f\u0131n\u0131n da alt\u0131n\u0131 \u00e7izerek, &#8221;Biz \u00f6zellikle de 4 b\u00fcy\u00fck kul\u00fcb\u00fcn ba\u015fkan ve y\u00f6neticileri olarak \u00fczerinde \u00e7al\u0131\u015f\u0131lan yasa tasla\u011f\u0131n\u0131 tekrar tekrar g\u00f6zden ge\u00e7irdik. Fenerbah\u00e7e Ba\u015fkan\u0131 Aziz Y\u0131ld\u0131r\u0131m&#8217;la ben trib\u00fcn ter\u00f6r\u00fc ve kul\u00fcplerine zarar veren taraftarlar i\u00e7in bu yasan\u0131n \u00fczerinde durduk&#8221; diyerek \u015f\u00f6yle konu\u015ftu;<\/p>\n<p>Biz taslakta \u015fike ve te\u015fvik konusunda da y\u00f6netici d\u00fczeyinde olursa 1 ila 3 y\u0131l aras\u0131nda hapis cezas\u0131 maddesini koydurduk. Hatta maddede bu cezan\u0131n paraya \u00e7evrilmesi ve Futbol Federasyonu Y\u00f6netim Kurulu&#8217;nun de y\u00f6neticiyi \u00f6m\u00fcr boyu men etme yetkisi de vard\u0131. Fakat bizim verdi\u011fimiz taslakta olmayan baz\u0131 maddelerin de oldu\u011funu yasa tasar\u0131s\u0131 onayland\u0131ktan ve kanunla\u015ft\u0131ktan sonra duyduk. Bu de\u011fi\u015fiklikleri kim yapt\u0131, taslak Futbol Federasyonu&#8217;nda nas\u0131l bir de\u011fi\u015fime u\u011frad\u0131 bunu bilmiyoruz.<\/p>\n<h3>Galatasaray eski ba\u015fkan\u0131 Adnan Polat; Yasan\u0131n bu \u015fekle d\u00f6nd\u00fcr\u00fcld\u00fc\u011f\u00fcn\u00fc de yasa tasar\u0131n\u0131n kanunla\u015fmas\u0131ndan sonra \u00f6\u011frendik<\/h3>\n<p>Kul\u00fcpler Birli\u011fi Vakf\u0131 \u00fcyeleri ile Ba\u015fbakan Recep Tayyip Erdo\u011fan&#8217;n\u0131n birlikte yapt\u0131\u011f\u0131 g\u00f6r\u00fc\u015fmede Ba\u015fbakan Erdo\u011fan bizi uyararak, &#8216;\u00c7ok a\u011f\u0131r bir yasa, yeniden g\u00f6zden ge\u00e7irin, \u00fczerinde \u00e7al\u0131\u015f\u0131n. \u00d6n\u00fcm\u00fczde genel se\u00e7im var, bu kanunu yeni yasama d\u00f6nemine b\u0131rakal\u0131m&#8217; dedi. Biz tabii tasla\u011f\u0131n i\u00e7erisindeki de\u011fi\u015fiklikleri bilmedi\u011fimiz ve taraftarlar\u0131m\u0131z\u0131n \u00e7\u0131kard\u0131\u011f\u0131 olaylar nedeniyle kul\u00fcpler olarak b\u00fcy\u00fck maddi zararlar g\u00f6rd\u00fc\u011f\u00fcm\u00fcz i\u00e7in yasan\u0131n hemen \u00e7\u0131kar\u0131lmas\u0131n\u0131 istedik. Yasan\u0131n bu \u015fekle d\u00f6nd\u00fcr\u00fcld\u00fc\u011f\u00fcn\u00fc de yasa tasar\u0131n\u0131n kanunla\u015fmas\u0131ndan sonra \u00f6\u011frendik.&#8221;<\/p>\n<p>Adnan Polat, art\u0131k y\u00f6netici olmad\u0131\u011f\u0131 i\u00e7in kafas\u0131n\u0131n daha rahat oldu\u011funu, de\u011fi\u015ftirilen ve T\u00fcrkiye B\u00fcy\u00fck Millet Meclisi&#8217;nden (TBMM) ge\u00e7erek Cumhurba\u015fkan\u0131 Abdullah G\u00fcl&#8217;\u00fcn onay\u0131na sunulan yasan\u0131n yeni haliyle de hi\u00e7 ilgilenmedi\u011fini s\u00f6zlerine ekledi.<\/p>\n<!-- Error, Advert is not available at this time due to schedule\/geolocation restrictions! -->\n<!-- Error, Advert is not available at this time due to schedule\/geolocation restrictions! -->\n","protected":false},"excerpt":{"rendered":"<p>Galatasaray eski Ba\u015fkan\u0131 Adnan Polat, &#8216;Sporda \u015eiddet ve D\u00fczensizli\u011fin \u00d6nlenmesi&#8217;ne dair kanun i\u00e7in haz\u0131rlad\u0131klar\u0131 tasla\u011f\u0131n de\u011fi\u015ftirildi\u011fini ve kendi taslaklar\u0131nda olmayan \u015feylerin tasla\u011fa sonradan eklendi\u011fini s\u00f6yledi \/ Galatasaray Haberleri<\/p>\n","protected":false},"author":28,"featured_media":90037,"comment_status":"open","ping_status":"open","sticky":false,"template":"","format":"standard","meta":{"_acf_changed":false,"footnotes":""},"categories":[6774,6155,5005,6667,6194],"tags":[9935,5058,3888,4353,10677,4114,10991,787,65961,6871],"class_list":["post-90035","post","type-post","status-publish","format-standard","has-post-thumbnail","hentry","category-futbol","category-gundem","category-manset","category-medya","category-spor","tag-adnan-polat","tag-aziz-yildirim","tag-basbakan-erdogan","tag-cumhurbaskani-abdullah-gul","tag-fenerbahce-baskani","tag-galatasaray","tag-kulupler-birligi-vakfi","tag-recep-tayyip-erdogan","tag-sporda-siddet","tag-tbmm"],"acf":[],"_links":{"self":[{"href":"https:\/\/www.nationalturk.com\/tr\/wp-json\/wp\/v2\/posts\/90035","targetHints":{"allow":["GET"]}}],"collection":[{"href":"https:\/\/www.nationalturk.com\/tr\/wp-json\/wp\/v2\/posts"}],"about":[{"href":"https:\/\/www.nationalturk.com\/tr\/wp-json\/wp\/v2\/types\/post"}],"author":[{"embeddable":true,"href":"https:\/\/www.nationalturk.com\/tr\/wp-json\/wp\/v2\/users\/28"}],"replies":[{"embeddable":true,"href":"https:\/\/www.nationalturk.com\/tr\/wp-json\/wp\/v2\/comments?post=90035"}],"version-history":[{"count":0,"href":"https:\/\/www.nationalturk.com\/tr\/wp-json\/wp\/v2\/posts\/90035\/revisions"}],"wp:featuredmedia":[{"embeddable":true,"href":"https:\/\/www.nationalturk.com\/tr\/wp-json\/wp\/v2\/media\/90037"}],"wp:attachment":[{"href":"https:\/\/www.nationalturk.com\/tr\/wp-json\/wp\/v2\/media?parent=90035"}],"wp:term":[{"taxonomy":"category","embeddable":true,"href":"https:\/\/www.nationalturk.com\/tr\/wp-json\/wp\/v2\/categories?post=90035"},{"taxonomy":"post_tag","embeddable":true,"href":"https:\/\/www.nationalturk.com\/tr\/wp-json\/wp\/v2\/tags?post=90035"}],"curies":[{"name":"wp","href":"https:\/\/api.w.org\/{rel}","templated":true}]}}