{"id":90078,"date":"2011-12-01T09:41:16","date_gmt":"2011-12-01T07:41:16","guid":{"rendered":"http:\/\/www.nationalturk.com\/?p=90078"},"modified":"2011-12-01T09:41:16","modified_gmt":"2011-12-01T07:41:16","slug":"venezuela-kolombiya-iliskileri-90078","status":"publish","type":"post","link":"https:\/\/www.nationalturk.com\/tr\/venezuela-kolombiya-iliskileri-90078\/","title":{"rendered":"Venezuela Kolombiya ili\u015fkileri g\u00fc\u00e7lendi"},"content":{"rendered":"<h2><a href=\"http:\/\/www.nationalturk.com\/tr\/wp-content\/uploads\/2011\/12\/venezuela-kolombiya-iliski.jpg\"><img loading=\"lazy\" decoding=\"async\" class=\"alignleft size-medium wp-image-90084\" title=\"Venezuela Kolombiya ili\u015fkileri g\u00fc\u00e7lendi\" src=\"http:\/\/www.nationalturk.com\/tr\/wp-content\/uploads\/2011\/12\/venezuela-kolombiya-iliski-280x194.jpg\" alt=\"\" width=\"280\" height=\"194\" srcset=\"https:\/\/www.nationalturk.com\/tr\/wp-content\/uploads\/2011\/12\/venezuela-kolombiya-iliski-280x194.jpg 280w, https:\/\/www.nationalturk.com\/tr\/wp-content\/uploads\/2011\/12\/venezuela-kolombiya-iliski.jpg 340w\" sizes=\"auto, (max-width: 280px) 100vw, 280px\" \/><\/a><\/h2>\n<h2>Venezuela ve Kolombiya aras\u0131ndaki iktisadi ve siyasi ili\u015fkiler g\u00fc\u00e7leniyor.<\/h2>\n<p>Venezuela Devlet Ba\u015fkan\u0131 Hugo Chavez ile Kolombiya Devlet Ba\u015fkan\u0131 Juan Manuel Santos aras\u0131nda Karakas&#8217;ta yap\u0131lan g\u00f6r\u00fc\u015fmelerin ard\u0131ndan iki \u00fclke aras\u0131ndaki ili\u015fki g\u00fc\u00e7lendi.<\/p>\n<p>Venezuela ile Kolombiya aras\u0131nda kapsaml\u0131 bir serbest ticaret anla\u015fmas\u0131 imzaland\u0131. H\u00fck\u00fcmet temsilcileri ve i\u015fadamlar\u0131, enerji, sa\u011fl\u0131k, tar\u0131m, k\u00fclt\u00fcr, kamu-\u00f6zel sekt\u00f6r ortakl\u0131klar\u0131 ve \u00f6zellikle de ticaret alanlar\u0131nda bir dizi anla\u015fma imzalarken, iki lider de anla\u015fmazl\u0131klar\u0131n \u00e7\u00f6z\u00fcm\u00fc konusunda ortak kararl\u0131l\u0131klar\u0131n\u0131 dile getirdiler.<\/p>\n<p>Ticaret anla\u015fmalar\u0131 iki \u00fclke aras\u0131nda 300 alanda g\u00fcmr\u00fck vergilerini kald\u0131r\u0131yor ve bir manada, Karakas&#8217;\u0131n ge\u00e7en Nisan ay\u0131nda terketti\u011fi And \u00dclkeleri Toplulu\u011fu&#8217;nun (CAN) yerine ge\u00e7mi\u015f oluyor.<\/p>\n<p>\u0130ki lider bu sayede \u00fclkeleri aras\u0131nda ticaretin geli\u015fece\u011fi ve y\u0131lda sekiz milyar dolar\u0131 bulaca\u011f\u0131n\u0131 \u00fcmid ettiklerini a\u00e7\u0131klad\u0131lar.<\/p>\n<p>Chavez, bu anla\u015fmalar\u0131n ideolojik farklara ra\u011fmen \u00fclkeler aras\u0131nda nas\u0131l b\u00fct\u00fcnle\u015fme sa\u011flanabilece\u011fini g\u00f6steren m\u00fctevazi bir \u00f6rnek oldu\u011funu s\u00f6yledi.<\/p>\n<p>Chavez meslekta\u015f\u0131n\u0131, sorunlar\u0131 ba\u015fkalar\u0131n\u0131n m\u00fcdahalesi olmadan birlikte \u00e7\u00f6zmeye davet etti. Ayr\u0131ca iki \u00fclke halklar\u0131n\u0131 b\u00fct\u00fcnle\u015fmeyi engellemeye \u00e7al\u0131\u015fan ve istikrar bozucu g\u00fc\u00e7lere kar\u015f\u0131 koymaya \u00e7a\u011f\u0131rd\u0131.<\/p>\n<!-- Error, Advert is not available at this time due to schedule\/geolocation restrictions! -->\n","protected":false},"excerpt":{"rendered":"<p>Venezuela Kolombiya ili\u015fkileri g\u00fc\u00e7lendi. Venezuela ve Kolombiya aras\u0131ndaki iktisadi ve siyasi ili\u015fkiler g\u00fc\u00e7leniyor.<\/p>\n","protected":false},"author":3,"featured_media":186494,"comment_status":"open","ping_status":"open","sticky":false,"template":"","format":"standard","meta":{"_acf_changed":false,"footnotes":""},"categories":[6665,6155,6771,5005],"tags":[7010,5209,86713,86712,10558,7013,10054,13834],"class_list":["post-90078","post","type-post","status-publish","format-standard","has-post-thumbnail","hentry","category-dunya","category-gundem","category-latin-amerika","category-manset","tag-hugo-chavez","tag-kolombiya","tag-kolombiya-devlet-baskani","tag-kolombiya-devlet-baskani-juan-manuel-santos","tag-santos","tag-venezuela","tag-venezuela-devlet-baskani","tag-venezuela-devlet-baskani-hugo-chavez"],"acf":[],"_links":{"self":[{"href":"https:\/\/www.nationalturk.com\/tr\/wp-json\/wp\/v2\/posts\/90078","targetHints":{"allow":["GET"]}}],"collection":[{"href":"https:\/\/www.nationalturk.com\/tr\/wp-json\/wp\/v2\/posts"}],"about":[{"href":"https:\/\/www.nationalturk.com\/tr\/wp-json\/wp\/v2\/types\/post"}],"author":[{"embeddable":true,"href":"https:\/\/www.nationalturk.com\/tr\/wp-json\/wp\/v2\/users\/3"}],"replies":[{"embeddable":true,"href":"https:\/\/www.nationalturk.com\/tr\/wp-json\/wp\/v2\/comments?post=90078"}],"version-history":[{"count":0,"href":"https:\/\/www.nationalturk.com\/tr\/wp-json\/wp\/v2\/posts\/90078\/revisions"}],"wp:featuredmedia":[{"embeddable":true,"href":"https:\/\/www.nationalturk.com\/tr\/wp-json\/wp\/v2\/media\/186494"}],"wp:attachment":[{"href":"https:\/\/www.nationalturk.com\/tr\/wp-json\/wp\/v2\/media?parent=90078"}],"wp:term":[{"taxonomy":"category","embeddable":true,"href":"https:\/\/www.nationalturk.com\/tr\/wp-json\/wp\/v2\/categories?post=90078"},{"taxonomy":"post_tag","embeddable":true,"href":"https:\/\/www.nationalturk.com\/tr\/wp-json\/wp\/v2\/tags?post=90078"}],"curies":[{"name":"wp","href":"https:\/\/api.w.org\/{rel}","templated":true}]}}