{"id":90309,"date":"2011-12-02T16:20:47","date_gmt":"2011-12-02T14:20:47","guid":{"rendered":"http:\/\/www.nationalturk.com\/?p=90309"},"modified":"2011-12-02T16:20:47","modified_gmt":"2011-12-02T14:20:47","slug":"galatasarayda-elmander-mujdesi-galatasaray-haberleri-90309","status":"publish","type":"post","link":"https:\/\/www.nationalturk.com\/tr\/galatasarayda-elmander-mujdesi-galatasaray-haberleri-90309\/","title":{"rendered":"Galatasaray&#8217;da Elmander m\u00fcjdesi \/ Galatasaray Haberleri"},"content":{"rendered":"<h1><img loading=\"lazy\" decoding=\"async\" class=\"alignleft size-full wp-image-90311\" title=\"Elmander\" src=\"http:\/\/www.nationalturk.com\/tr\/wp-content\/uploads\/2011\/12\/elmander_mersin-e1322835484746.jpg\" alt=\"\" width=\"370\" height=\"265\" srcset=\"https:\/\/www.nationalturk.com\/tr\/wp-content\/uploads\/2011\/12\/elmander_mersin-e1322835484746.jpg 463w, https:\/\/www.nationalturk.com\/tr\/wp-content\/uploads\/2011\/12\/elmander_mersin-e1322835484746-280x200.jpg 280w\" sizes=\"auto, (max-width: 370px) 100vw, 370px\" \/>Galatasaray&#8217;da Elmander m\u00fcjdesi \/ Galatasaray Haberleri&#8230; TFF\u00a0Tahkim Kurulu, Sivasspor ma\u00e7\u0131nda k\u0131rm\u0131z\u0131 kart g\u00f6ren Johan Elmander&#8217;in cezas\u0131n\u0131 1 ma\u00e7a indirdi. Elmander Fenerbah\u00e7e derbisinde oynayabilecek.<\/h1>\n<p>T\u00fcrkiye Futbol Federasyonu (TFF) Tahkim Kurulu, Sivasspor ma\u00e7\u0131nda g\u00f6rd\u00fc\u011f\u00fc k\u0131rm\u0131z\u0131 kart nedeniyle PFDK taraf\u0131ndan 2 ma\u00e7la cezaland\u0131r\u0131lan Galatasarayl\u0131 Johan Elmander&#8217;in cezas\u0131n\u0131 1 ma\u00e7a indirdi. Johan Elmander hafta i\u00e7i Fenerbah\u00e7e ile oynanacak derbi ma\u00e7ta forma giyebilecek. Yine 2 ma\u00e7 \u00a0ceza alan Engin Baytar&#8217;\u0131n cezas\u0131 ise onand\u0131.<\/p>\n<p>Tahkim Kurulu&#8217;ndan yap\u0131lan a\u00e7\u0131klamada &#8220;\u0130zlenen m\u00fcsabaka g\u00f6r\u00fcnt\u00fcleri ve dosyada bulunan bilgi ve belgeler do\u011frultusunda Futbolcu Johan Erik Calvin Elmander&#8217;in rakip tak\u0131m sporcusuna y\u00f6nelik eylemini kasten ger\u00e7ekle\u015ftirmedi\u011fi anla\u015f\u0131ld\u0131\u011f\u0131ndan Galatasaray Spor Kul\u00fcb\u00fc taraf\u0131ndan yap\u0131lan itiraz\u0131n k\u0131smen kabul\u00fc ile PFDK&#8217;nun Futbolcuya rakip tak\u0131m sporcusuna y\u00f6nelik ciddi faul\u00fc nedeniyle FDT&#8217;nin 45. maddesi uyar\u0131nca verdi\u011fi 2 resmi m\u00fcsabakadan men cezas\u0131nda FDT&#8217;nin 14. maddesinin tatbiki ile 1 ma\u00e7 indirim yap\u0131larak cezan\u0131n neticeten 1 resmi m\u00fcsabakadan men cezas\u0131 olarak tayinine karar verildi&#8221; ifadeleri kullan\u0131ld\u0131.<\/p>\n<!-- Error, Advert is not available at this time due to schedule\/geolocation restrictions! -->\n<!-- Error, Advert is not available at this time due to schedule\/geolocation restrictions! -->\n","protected":false},"excerpt":{"rendered":"<p>Galatasaray&#8217;da Elmander m\u00fcjdesi \/ Galatasaray Haberleri&#8230; TFF Tahkim Kurulu, Sivasspor ma\u00e7\u0131nda k\u0131rm\u0131z\u0131 kart g\u00f6ren Johan Elmander&#8217;in cezas\u0131n\u0131 1 ma\u00e7a indirdi. Elmander Fenerbah\u00e7e derbisinde oynayabilecek.<\/p>\n","protected":false},"author":4,"featured_media":186460,"comment_status":"open","ping_status":"open","sticky":false,"template":"","format":"standard","meta":{"_acf_changed":false,"footnotes":""},"categories":[6774,5005,349,6194],"tags":[70380,849,4114,18973,18463,53767],"class_list":["post-90309","post","type-post","status-publish","format-standard","has-post-thumbnail","hentry","category-futbol","category-manset","category-son-dakika","category-spor","tag-elmander","tag-fenerbahce","tag-galatasaray","tag-galatasaray-fenerbahce","tag-galatasaray-fenerbahce-maci","tag-johan-elmander"],"acf":[],"_links":{"self":[{"href":"https:\/\/www.nationalturk.com\/tr\/wp-json\/wp\/v2\/posts\/90309","targetHints":{"allow":["GET"]}}],"collection":[{"href":"https:\/\/www.nationalturk.com\/tr\/wp-json\/wp\/v2\/posts"}],"about":[{"href":"https:\/\/www.nationalturk.com\/tr\/wp-json\/wp\/v2\/types\/post"}],"author":[{"embeddable":true,"href":"https:\/\/www.nationalturk.com\/tr\/wp-json\/wp\/v2\/users\/4"}],"replies":[{"embeddable":true,"href":"https:\/\/www.nationalturk.com\/tr\/wp-json\/wp\/v2\/comments?post=90309"}],"version-history":[{"count":0,"href":"https:\/\/www.nationalturk.com\/tr\/wp-json\/wp\/v2\/posts\/90309\/revisions"}],"wp:featuredmedia":[{"embeddable":true,"href":"https:\/\/www.nationalturk.com\/tr\/wp-json\/wp\/v2\/media\/186460"}],"wp:attachment":[{"href":"https:\/\/www.nationalturk.com\/tr\/wp-json\/wp\/v2\/media?parent=90309"}],"wp:term":[{"taxonomy":"category","embeddable":true,"href":"https:\/\/www.nationalturk.com\/tr\/wp-json\/wp\/v2\/categories?post=90309"},{"taxonomy":"post_tag","embeddable":true,"href":"https:\/\/www.nationalturk.com\/tr\/wp-json\/wp\/v2\/tags?post=90309"}],"curies":[{"name":"wp","href":"https:\/\/api.w.org\/{rel}","templated":true}]}}