{"id":90454,"date":"2011-12-05T10:27:44","date_gmt":"2011-12-05T08:27:44","guid":{"rendered":"http:\/\/www.nationalturk.com\/?p=90454"},"modified":"2011-12-05T10:27:44","modified_gmt":"2011-12-05T08:27:44","slug":"vanda-deprem-bitmiyor-90454","status":"publish","type":"post","link":"https:\/\/www.nationalturk.com\/tr\/vanda-deprem-bitmiyor-90454\/","title":{"rendered":"Van&#8217;da deprem bitmiyor!"},"content":{"rendered":"<h1><img loading=\"lazy\" decoding=\"async\" class=\"alignleft size-medium wp-image-90455\" title=\"Van Depremi\" src=\"http:\/\/www.nationalturk.com\/tr\/wp-content\/uploads\/2011\/12\/cadirlar_van-280x185.jpg\" alt=\"\" width=\"280\" height=\"185\" srcset=\"https:\/\/www.nationalturk.com\/tr\/wp-content\/uploads\/2011\/12\/cadirlar_van-280x185.jpg 280w, https:\/\/www.nationalturk.com\/tr\/wp-content\/uploads\/2011\/12\/cadirlar_van.jpg 500w\" sizes=\"auto, (max-width: 280px) 100vw, 280px\" \/>Van&#8217;da deprem bitmiyor! 600&#8217;den fazla ki\u015finin hayat\u0131n\u0131 kaybetti\u011fi Van depremi unutam\u0131yor. Bu gece de 4.9 b\u00fcy\u00fckl\u00fc\u011f\u00fcnde bir deprem meydana geldi.<\/h1>\n<p>Van&#8217;\u0131n merkeze ba\u011fl\u0131 Kavurma k\u00f6y\u00fcnde 4,9 b\u00fcy\u00fckl\u00fc\u011f\u00fcnde deprem meydana geldi.\u00a0Bo\u011fazi\u00e7i \u00dcniversitesi Kandilli Rasathanesi&#8217;nden al\u0131nan bilgilere g\u00f6re 4.9 \u015fiddetindeki deprem yerin 4,5 kilometre derinli\u011finde ger\u00e7ekle\u015fti. Van depremi saat 00:15&#8217;te meydana geldi.<\/p>\n<p>\u0130lk belirlemelere g\u00f6re 4.9 \u015fiddetindeki deprem can ve mal kayb\u0131na yol a\u00e7mad\u0131.<\/p>\n<!-- Error, Advert is not available at this time due to schedule\/geolocation restrictions! -->\n<!-- Error, Advert is not available at this time due to schedule\/geolocation restrictions! -->\n","protected":false},"excerpt":{"rendered":"<p>Van&#8217;da deprem bitmiyor! 600&#8217;den fazla ki\u015finin hayat\u0131n\u0131 kaybetti\u011fi Van depremi unutam\u0131yor. Bu gece de 4.9 b\u00fcy\u00fckl\u00fc\u011f\u00fcnde bir deprem meydana geldi. <\/p>\n","protected":false},"author":4,"featured_media":186437,"comment_status":"open","ping_status":"open","sticky":false,"template":"","format":"standard","meta":{"_acf_changed":false,"footnotes":""},"categories":[6155,5005,349,6805],"tags":[39319,83478,64695,64697],"class_list":["post-90454","post","type-post","status-publish","format-standard","has-post-thumbnail","hentry","category-gundem","category-manset","category-son-dakika","category-turkiye","tag-kandilli","tag-van-da-deprem","tag-van-deprem","tag-van-depremi"],"acf":[],"_links":{"self":[{"href":"https:\/\/www.nationalturk.com\/tr\/wp-json\/wp\/v2\/posts\/90454","targetHints":{"allow":["GET"]}}],"collection":[{"href":"https:\/\/www.nationalturk.com\/tr\/wp-json\/wp\/v2\/posts"}],"about":[{"href":"https:\/\/www.nationalturk.com\/tr\/wp-json\/wp\/v2\/types\/post"}],"author":[{"embeddable":true,"href":"https:\/\/www.nationalturk.com\/tr\/wp-json\/wp\/v2\/users\/4"}],"replies":[{"embeddable":true,"href":"https:\/\/www.nationalturk.com\/tr\/wp-json\/wp\/v2\/comments?post=90454"}],"version-history":[{"count":0,"href":"https:\/\/www.nationalturk.com\/tr\/wp-json\/wp\/v2\/posts\/90454\/revisions"}],"wp:featuredmedia":[{"embeddable":true,"href":"https:\/\/www.nationalturk.com\/tr\/wp-json\/wp\/v2\/media\/186437"}],"wp:attachment":[{"href":"https:\/\/www.nationalturk.com\/tr\/wp-json\/wp\/v2\/media?parent=90454"}],"wp:term":[{"taxonomy":"category","embeddable":true,"href":"https:\/\/www.nationalturk.com\/tr\/wp-json\/wp\/v2\/categories?post=90454"},{"taxonomy":"post_tag","embeddable":true,"href":"https:\/\/www.nationalturk.com\/tr\/wp-json\/wp\/v2\/tags?post=90454"}],"curies":[{"name":"wp","href":"https:\/\/api.w.org\/{rel}","templated":true}]}}