{"id":90637,"date":"2011-12-06T14:03:26","date_gmt":"2011-12-06T12:03:26","guid":{"rendered":"http:\/\/www.nationalturk.com\/?p=90637"},"modified":"2024-02-06T15:58:47","modified_gmt":"2024-02-06T12:58:47","slug":"akp-sike-yasasi-cankaya-90637","status":"publish","type":"post","link":"https:\/\/www.nationalturk.com\/tr\/akp-sike-yasasi-cankaya-90637\/","title":{"rendered":"AKP \u015fike a\u00e7\u0131klamas\u0131 yapt\u0131 : \u015eike yasas\u0131n\u0131 aynen \u00c7ankaya&#8217;ya g\u00f6nderece\u011fiz"},"content":{"rendered":"<h1><img loading=\"lazy\" decoding=\"async\" class=\"alignleft size-medium wp-image-90638\" title=\"Nurettin Canikli\" src=\"http:\/\/www.nationalturk.com\/tr\/wp-content\/uploads\/2011\/12\/nurettin_canikli-180x220.jpg\" alt=\"\" width=\"180\" height=\"220\" srcset=\"https:\/\/www.nationalturk.com\/tr\/wp-content\/uploads\/2011\/12\/nurettin_canikli-180x220.jpg 180w, https:\/\/www.nationalturk.com\/tr\/wp-content\/uploads\/2011\/12\/nurettin_canikli-328x400.jpg 328w, https:\/\/www.nationalturk.com\/tr\/wp-content\/uploads\/2011\/12\/nurettin_canikli.jpg 410w\" sizes=\"auto, (max-width: 180px) 100vw, 180px\" \/>AKP&#8217;den a\u00e7\u0131klama: \u015eike yasas\u0131n\u0131 aynen \u00c7ankaya&#8217;ya g\u00f6nderece\u011fiz!<\/h1>\n<h1>\u015eike yasas\u0131, belki de ilk kez Cumhurba\u015fkan\u0131 Abdullah G\u00fcl ile AKP aras\u0131nda bir kriz \u00e7\u0131karacak.<\/h1>\n<p>AKP Grup Ba\u015fkanvekili Nurettin Canikli, parti grubu olarak \u015fike yasas\u0131nda cezalar\u0131 d\u00fc\u015f\u00fcren d\u00fczenlemenin aynen Cumhurba\u015fkan\u0131 Abdullah G\u00fcl&#8217;e g\u00f6nderilmesi kanaatinde olduklar\u0131n\u0131 s\u00f6yledi. Nurettin Canikli, &#8220;TBMM\u2019deki mutabakata sad\u0131k kalaca\u011f\u0131z. Say\u0131n Cumhurba\u015fkan\u0131&#8217;n\u0131n yasay\u0131 Anayasa Mahkemesi&#8217;ne g\u00f6t\u00fcrece\u011fi beklentisi i\u00e7inde de\u011filiz&#8221; diye konu\u015ftu.<\/p>\n<p>Bu sabah partisinin grup toplant\u0131s\u0131nda konu\u015fan MHP Genel Ba\u015fkan\u0131 Devlet Bah\u00e7eli de AKP \u015fike a\u00e7\u0131klamas\u0131nda oldu\u011fu gibi yasay\u0131 aynen K\u00f6\u015fk&#8217;e g\u00f6nderme niyetinde olduklar\u0131n\u0131 ifade etmi\u015fti.<\/p>\n","protected":false},"excerpt":{"rendered":"<p>AKP&#8217;den a\u00e7\u0131klama: \u015eike yasas\u0131n\u0131 aynen \u00c7ankaya&#8217;ya g\u00f6nderece\u011fiz! \u015eike yasas\u0131, belki de ilk kez Cumhurba\u015fkan\u0131 Abdullah G\u00fcl ile AKP aras\u0131nda bir kriz \u00e7\u0131karacak.<\/p>\n","protected":false},"author":4,"featured_media":122813,"comment_status":"open","ping_status":"open","sticky":false,"template":"","format":"standard","meta":{"_acf_changed":false,"footnotes":""},"categories":[6155,5005,6202,220906,349,6805],"tags":[9476,60718,13136,86660,87160,8726,87188,21483,87007,85397,87189],"class_list":["post-90637","post","type-post","status-publish","format-standard","has-post-thumbnail","hentry","category-gundem","category-manset","category-politika","category-sikeli-maclar","category-son-dakika","category-turkiye","tag-akp","tag-mhp-grup","tag-mhp-grup-toplantisi","tag-mhp-sike","tag-mhp-sike-yasasi","tag-nurettin-canikli","tag-nurettin-canikli-sike","tag-sike","tag-sike-veto","tag-sike-yasasi","tag-sike-yasasi-veto"],"acf":[],"_links":{"self":[{"href":"https:\/\/www.nationalturk.com\/tr\/wp-json\/wp\/v2\/posts\/90637","targetHints":{"allow":["GET"]}}],"collection":[{"href":"https:\/\/www.nationalturk.com\/tr\/wp-json\/wp\/v2\/posts"}],"about":[{"href":"https:\/\/www.nationalturk.com\/tr\/wp-json\/wp\/v2\/types\/post"}],"author":[{"embeddable":true,"href":"https:\/\/www.nationalturk.com\/tr\/wp-json\/wp\/v2\/users\/4"}],"replies":[{"embeddable":true,"href":"https:\/\/www.nationalturk.com\/tr\/wp-json\/wp\/v2\/comments?post=90637"}],"version-history":[{"count":0,"href":"https:\/\/www.nationalturk.com\/tr\/wp-json\/wp\/v2\/posts\/90637\/revisions"}],"wp:featuredmedia":[{"embeddable":true,"href":"https:\/\/www.nationalturk.com\/tr\/wp-json\/wp\/v2\/media\/122813"}],"wp:attachment":[{"href":"https:\/\/www.nationalturk.com\/tr\/wp-json\/wp\/v2\/media?parent=90637"}],"wp:term":[{"taxonomy":"category","embeddable":true,"href":"https:\/\/www.nationalturk.com\/tr\/wp-json\/wp\/v2\/categories?post=90637"},{"taxonomy":"post_tag","embeddable":true,"href":"https:\/\/www.nationalturk.com\/tr\/wp-json\/wp\/v2\/tags?post=90637"}],"curies":[{"name":"wp","href":"https:\/\/api.w.org\/{rel}","templated":true}]}}