{"id":91029,"date":"2011-12-09T16:23:57","date_gmt":"2011-12-09T14:23:57","guid":{"rendered":"http:\/\/www.nationalturk.com\/?p=91029"},"modified":"2024-02-06T15:58:28","modified_gmt":"2024-02-06T12:58:28","slug":"mehmet-ali-aydinlardan-sike-aciklamasi-sahislarla-ilgili-karari-verecegiz-91029","status":"publish","type":"post","link":"https:\/\/www.nationalturk.com\/tr\/mehmet-ali-aydinlardan-sike-aciklamasi-sahislarla-ilgili-karari-verecegiz-91029\/","title":{"rendered":"Mehmet Ali Ayd\u0131nlar&#8217;dan \u015fike a\u00e7\u0131klamas\u0131: \u015eah\u0131slarla ilgili karar\u0131 verece\u011fiz"},"content":{"rendered":"<h1><img loading=\"lazy\" decoding=\"async\" class=\"alignleft size-medium wp-image-91031\" title=\"Mehmet Ali Ayd\u0131nlar\" src=\"http:\/\/www.nationalturk.com\/tr\/wp-content\/uploads\/2011\/12\/mehmet_ali_aydinlar_basin-280x185.jpg\" alt=\"\" width=\"280\" height=\"185\" srcset=\"https:\/\/www.nationalturk.com\/tr\/wp-content\/uploads\/2011\/12\/mehmet_ali_aydinlar_basin-280x185.jpg 280w, https:\/\/www.nationalturk.com\/tr\/wp-content\/uploads\/2011\/12\/mehmet_ali_aydinlar_basin.jpg 500w\" sizes=\"auto, (max-width: 280px) 100vw, 280px\" \/>Mehmet Ali Ayd\u0131nlar&#8217;dan \u015fike a\u00e7\u0131klamas\u0131: \u015eah\u0131slarla ilgili karar\u0131 verece\u011fiz! \u015eike iddianamesinin kabul edilmesi ve tamam\u0131n\u0131n kamuoyuna a\u00e7\u0131klanmas\u0131n\u0131n ard\u0131ndan TFF Ba\u015fkan\u0131 Mehmet Ali Ayd\u0131nlar a\u00e7\u0131klamalarda bulundu.<\/h1>\n<p>Kul\u00fcpler Birli\u011fi Vakf\u0131 toplant\u0131s\u0131n\u0131n ard\u0131ndan k\u0131sa bir a\u00e7\u0131klama yapan T\u00fcrkiye Futbol Federasyonu (TFF) Ba\u015fkan\u0131 Mehmet Ali Ayd\u0131nlar kul\u00fcpler hakk\u0131ndaki karar i\u00e7in mahkeme s\u00fcrecini bekleyeceklerini belirterek &#8220;Bu sezonun bu \u015fekilde devam edece\u011fini belirtmi\u015ftik. Kul\u00fcplerden ve \u015fah\u0131slardan savunma alaca\u011f\u0131z. \u015eah\u0131slarla ilgili karar\u0131m\u0131z\u0131 hemen, kul\u00fcplerle ilgili karar\u0131 da sezon sonunda vermek istiyoruz.\u00a0Art\u0131k gizlilik kalkt\u0131\u011f\u0131 i\u00e7in en s\u00fcratli \u015fekilde spor hukuku a\u00e7\u0131s\u0131ndan karar\u0131m\u0131z\u0131 a\u00e7\u0131klayaca\u011f\u0131z. Bu sezon b\u00f6yle devam edecek ve noktalanacak&#8221; diye konu\u015ftu.<\/p>\n<!-- Error, Advert is not available at this time due to schedule\/geolocation restrictions! -->\n","protected":false},"excerpt":{"rendered":"<p>Mehmet Ali Ayd\u0131nlar&#8217;dan \u015fike a\u00e7\u0131klamas\u0131: \u015eah\u0131slarla ilgili karar\u0131 verece\u011fiz! \u015eike iddianamesinin kabul edilmesi ve tamam\u0131n\u0131n kamuoyuna a\u00e7\u0131klanmas\u0131n\u0131n ard\u0131ndan TFF Ba\u015fkan\u0131 Mehmet Ali Ayd\u0131nlar a\u00e7\u0131klamalarda bulundu.<\/p>\n","protected":false},"author":4,"featured_media":186350,"comment_status":"open","ping_status":"open","sticky":false,"template":"","format":"standard","meta":{"_acf_changed":false,"footnotes":""},"categories":[6774,5005,220906,6194],"tags":[14279,78351,74681,21483,86948,6477],"class_list":["post-91029","post","type-post","status-publish","format-standard","has-post-thumbnail","hentry","category-futbol","category-manset","category-sikeli-maclar","category-spor","tag-mehmet-ali-aydinlar","tag-mehmet-ali-aydinlar-aciklama","tag-mehmet-ali-aydinlar-sike","tag-sike","tag-sike-iddianamesi","tag-tff"],"acf":[],"_links":{"self":[{"href":"https:\/\/www.nationalturk.com\/tr\/wp-json\/wp\/v2\/posts\/91029","targetHints":{"allow":["GET"]}}],"collection":[{"href":"https:\/\/www.nationalturk.com\/tr\/wp-json\/wp\/v2\/posts"}],"about":[{"href":"https:\/\/www.nationalturk.com\/tr\/wp-json\/wp\/v2\/types\/post"}],"author":[{"embeddable":true,"href":"https:\/\/www.nationalturk.com\/tr\/wp-json\/wp\/v2\/users\/4"}],"replies":[{"embeddable":true,"href":"https:\/\/www.nationalturk.com\/tr\/wp-json\/wp\/v2\/comments?post=91029"}],"version-history":[{"count":0,"href":"https:\/\/www.nationalturk.com\/tr\/wp-json\/wp\/v2\/posts\/91029\/revisions"}],"wp:featuredmedia":[{"embeddable":true,"href":"https:\/\/www.nationalturk.com\/tr\/wp-json\/wp\/v2\/media\/186350"}],"wp:attachment":[{"href":"https:\/\/www.nationalturk.com\/tr\/wp-json\/wp\/v2\/media?parent=91029"}],"wp:term":[{"taxonomy":"category","embeddable":true,"href":"https:\/\/www.nationalturk.com\/tr\/wp-json\/wp\/v2\/categories?post=91029"},{"taxonomy":"post_tag","embeddable":true,"href":"https:\/\/www.nationalturk.com\/tr\/wp-json\/wp\/v2\/tags?post=91029"}],"curies":[{"name":"wp","href":"https:\/\/api.w.org\/{rel}","templated":true}]}}