{"id":91042,"date":"2011-12-09T16:45:41","date_gmt":"2011-12-09T14:45:41","guid":{"rendered":"http:\/\/www.nationalturk.com\/?p=91042"},"modified":"2011-12-09T16:46:25","modified_gmt":"2011-12-09T14:46:25","slug":"hagi-galatasaray-91042","status":"publish","type":"post","link":"https:\/\/www.nationalturk.com\/tr\/hagi-galatasaray-91042\/","title":{"rendered":"Hagi: Ger\u00e7ek futbol kariyerimi Galatasaray&#8217;da ya\u015fad\u0131m"},"content":{"rendered":"<h1><img loading=\"lazy\" decoding=\"async\" class=\"alignleft size-full wp-image-91043\" title=\"Hagi\" src=\"http:\/\/www.nationalturk.com\/tr\/wp-content\/uploads\/2011\/12\/hagi__imza-e1323441680415.jpg\" alt=\"\" width=\"320\" height=\"219\" srcset=\"https:\/\/www.nationalturk.com\/tr\/wp-content\/uploads\/2011\/12\/hagi__imza-e1323441680415.jpg 500w, https:\/\/www.nationalturk.com\/tr\/wp-content\/uploads\/2011\/12\/hagi__imza-e1323441680415-280x192.jpg 280w\" sizes=\"auto, (max-width: 320px) 100vw, 320px\" \/>Hagi: Ger\u00e7ek futbol kariyerimi Galatasaray&#8217;da ya\u015fad\u0131m!\u00a0Galatasaray&#8217;\u0131n unutulmaz y\u0131ld\u0131z\u0131 Gheorghe Hagi ger\u00e7ek kariyerini 30 ya\u015f\u0131ndan sonra geldi\u011fi Galatasaray&#8217;da ya\u015fad\u0131\u011f\u0131n\u0131 s\u00f6yledi.<\/h1>\n<p>UNICEF&#8217;in e\u011fitim kampanyas\u0131n\u0131 B\u00fckre\u015f&#8217;teki T\u00fcrk okulu ISB&#8217;den ba\u015flatan Hagi, \u00f6\u011frencilere futbol hayat\u0131 ve g\u00fcndemdeki konularla ilgili de\u011ferlendirmelerde bulundu.\u00a0&#8220;Galatasaray &#8211; Fenerbah\u00e7e derbisiyle ilgili bir soruya cevap veren Hagi, &#8220;Bu, geleneksel derbiydi. Biz ge\u00e7en sene \u00fcz\u00fcld\u00fck, bu sene Fenerbah\u00e7e. Ama bu kul\u00fcplerde d\u00fcn ya\u015fanan \u015feyler bug\u00fcn \u00f6nemli de\u011fil. \u00c7\u00fcnk\u00fc,b\u00fcy\u00fck kul\u00fcpler, d\u00fcn ne yapt\u0131\u011f\u0131 ile de\u011fil yar\u0131n ne yapaca\u011f\u0131 ile ilgilenir. Gelecekte yapaca\u011f\u0131 ma\u00e7lar\u0131 d\u00fc\u015f\u00fcn\u00fcr, ona g\u00f6re haz\u0131rl\u0131k yapar. Fenerbah\u00e7e, derbide yara almas\u0131na ra\u011fmen bence bug\u00fcnden itibaren gelecekteki derbileri nas\u0131l kazanaca\u011f\u0131na g\u00f6re haz\u0131rl\u0131k yapacakt\u0131r.&#8221; ifadelerini kulland\u0131.<\/p>\n<p>Uluslararas\u0131 B\u00fckre\u015f Kolejine (ISB) geli\u015finde Lumina E\u011fitim Kurumlar\u0131 Y\u00f6netim Kurulu Ba\u015fkan\u0131 Fatih G\u00fcrsoy, Genel M\u00fcd\u00fcr Fatih G\u00f6kta\u015f ve di\u011fer okul y\u00f6neticileri taraf\u0131ndan kar\u015f\u0131lanan Gheorghe Hagi, ilkokul b\u00f6l\u00fcm\u00fcndeki s\u0131n\u0131flar\u0131 gezdi.<\/p>\n<p>Daha sonra konferans salonuna ge\u00e7en Hagi, salona geli\u015finde \u00f6\u011frencilerin alk\u0131\u015f\u0131 ile kar\u015f\u0131land\u0131. futbol hayat\u0131n\u0131 anlatan Hagi, \u00f6\u011frencilerden gelen sorular kar\u015f\u0131s\u0131nda zaman zaman zorland\u0131. Bir \u00f6\u011frencinin, &#8220;Kendinizi en verimli g\u00f6rd\u00fc\u011f\u00fcn\u00fcz y\u0131llar hangisiydi?&#8221; \u015feklindeki sorusuna &#8220;\u0130ki y\u0131l \u00f6nce bir \u015fey anlad\u0131m. Bir futbolcu 29 ya\u015f\u0131na kadar kendini geli\u015ftiriyor ve y\u00fckseliyor. 30 ya\u015f\u0131ndan sonra en verimli d\u00f6nemini ya\u015f\u0131yor. Ben de 30&#8217;umdan sonra ger\u00e7ek futbol kariyerimi Galatasaray&#8217;da ya\u015fad\u0131m. Galatasaray\u2019da oynad\u0131\u011f\u0131m y\u0131llar en y\u00fcksek performans\u0131m\u0131 g\u00f6sterdi\u011fim d\u00f6nemdi. Kendi kariyerimi inceledikten sonra bu karara vard\u0131m.\u201d dedi.<\/p>\n<!-- Error, Advert is not available at this time due to schedule\/geolocation restrictions! -->\n<!-- Error, Advert is not available at this time due to schedule\/geolocation restrictions! -->\n","protected":false},"excerpt":{"rendered":"<p>Hagi: Ger\u00e7ek futbol kariyerimi Galatasaray&#8217;da ya\u015fad\u0131m! Galatasaray&#8217;\u0131n unutulmaz y\u0131ld\u0131z\u0131 Gheorghe Hagi ger\u00e7ek kariyerini 30 ya\u015f\u0131ndan sonra geldi\u011fi Galatasaray&#8217;da ya\u015fad\u0131\u011f\u0131n\u0131 s\u00f6yledi.<\/p>\n","protected":false},"author":4,"featured_media":186348,"comment_status":"open","ping_status":"open","sticky":false,"template":"","format":"standard","meta":{"_acf_changed":false,"footnotes":""},"categories":[6774,6194],"tags":[4114,25628,10971,50040],"class_list":["post-91042","post","type-post","status-publish","format-standard","has-post-thumbnail","hentry","category-futbol","category-spor","tag-galatasaray","tag-gheorghe-hagi","tag-hagi","tag-hagi-galatasaray"],"acf":[],"_links":{"self":[{"href":"https:\/\/www.nationalturk.com\/tr\/wp-json\/wp\/v2\/posts\/91042","targetHints":{"allow":["GET"]}}],"collection":[{"href":"https:\/\/www.nationalturk.com\/tr\/wp-json\/wp\/v2\/posts"}],"about":[{"href":"https:\/\/www.nationalturk.com\/tr\/wp-json\/wp\/v2\/types\/post"}],"author":[{"embeddable":true,"href":"https:\/\/www.nationalturk.com\/tr\/wp-json\/wp\/v2\/users\/4"}],"replies":[{"embeddable":true,"href":"https:\/\/www.nationalturk.com\/tr\/wp-json\/wp\/v2\/comments?post=91042"}],"version-history":[{"count":0,"href":"https:\/\/www.nationalturk.com\/tr\/wp-json\/wp\/v2\/posts\/91042\/revisions"}],"wp:featuredmedia":[{"embeddable":true,"href":"https:\/\/www.nationalturk.com\/tr\/wp-json\/wp\/v2\/media\/186348"}],"wp:attachment":[{"href":"https:\/\/www.nationalturk.com\/tr\/wp-json\/wp\/v2\/media?parent=91042"}],"wp:term":[{"taxonomy":"category","embeddable":true,"href":"https:\/\/www.nationalturk.com\/tr\/wp-json\/wp\/v2\/categories?post=91042"},{"taxonomy":"post_tag","embeddable":true,"href":"https:\/\/www.nationalturk.com\/tr\/wp-json\/wp\/v2\/tags?post=91042"}],"curies":[{"name":"wp","href":"https:\/\/api.w.org\/{rel}","templated":true}]}}