{"id":91419,"date":"2011-12-14T11:49:32","date_gmt":"2011-12-14T09:49:32","guid":{"rendered":"http:\/\/www.nationalturk.com\/?p=91419"},"modified":"2011-12-14T11:51:38","modified_gmt":"2011-12-14T09:51:38","slug":"abdullah-gul-istanbul-universitesi-protesto-91419","status":"publish","type":"post","link":"https:\/\/www.nationalturk.com\/tr\/abdullah-gul-istanbul-universitesi-protesto-91419\/","title":{"rendered":"Abdullah G\u00fcl&#8217;e \u0130stanbul \u00dcniversitesi&#8217;nde protesto \/ 5 \u00f6\u011frenci kelep\u00e7elendi!"},"content":{"rendered":"<h1><img loading=\"lazy\" decoding=\"async\" class=\"alignleft size-full wp-image-91420\" src=\"http:\/\/www.nationalturk.com\/tr\/wp-content\/uploads\/2011\/12\/ogrenci_gozalti-e1323856056242.jpg\" alt=\"\" width=\"344\" height=\"252\" title=\"\" srcset=\"https:\/\/www.nationalturk.com\/tr\/wp-content\/uploads\/2011\/12\/ogrenci_gozalti-e1323856056242.jpg 477w, https:\/\/www.nationalturk.com\/tr\/wp-content\/uploads\/2011\/12\/ogrenci_gozalti-e1323856056242-280x205.jpg 280w\" sizes=\"auto, (max-width: 344px) 100vw, 344px\" \/>Abdullah G\u00fcl&#8217;e \u0130stanbul \u00dcniversitesi&#8217;nde protesto \/ 5 \u00f6\u011frenci kelep\u00e7elendi!\u00a0\u0130stanbul \u00dcniversitesi \u0130ktisat Fak\u00fcltesi 75. kurulu\u015f y\u0131l d\u00f6n\u00fcm\u00fc kutlamas\u0131na kat\u0131lmak i\u00e7in \u00fcniversiteye gelen Cumhurba\u015fkan\u0131 Abdullah G\u00fcl\u2019\u00fc protesto eden 5 \u00f6\u011frenci yaka pa\u00e7a kelep\u00e7elenerek g\u00f6zalt\u0131na al\u0131nd\u0131.<\/h1>\n<p>Cumhurba\u015fkan\u0131 Abdullah G\u00fcl\u2019\u00fcn \u0130stanbul \u00dcniversitesi&#8217;ne giri\u015fi s\u0131ras\u0131nda \u0130leti\u015fim Fak\u00fcltesi\u2019nden slogan atarak \u00e7\u0131kan 5 ki\u015fiye polis sert m\u00fcdahalede bulundu. Zorla yere yat\u0131r\u0131lan 5 \u00f6\u011frenci kelep\u00e7elenerek g\u00f6zalt\u0131na al\u0131nd\u0131.<\/p>\n<h2>Abdullah G\u00fcl \u0130stanbul \u00dcniversitesi&#8217;nde<\/h2>\n<p>Cumhurba\u015fkan\u0131 Abdullah G\u00fcl, \u0130stanbul \u00dcniversitesi (\u0130.\u00dc.) \u0130ktisat Fak\u00fcltesi&#8217;nin 75. kurulu\u015f y\u0131l d\u00f6n\u00fcm\u00fc t\u00f6renine kat\u0131ld\u0131.<\/p>\n<p>Abdullah G\u00fcl, \u0130\u00dc \u0130ktisat Fak\u00fcltesi&#8217;nin 75. kurulu\u015f y\u0131l d\u00f6n\u00fcm\u00fc t\u00f6renine kat\u0131lmak \u00fczere Beyaz\u0131t Yerle\u015fkesine geldi. G\u00fcl&#8217;e burada \u0130stanbul Valisi H\u00fcseyin Avni Mutlu, \u0130\u00dc Rekt\u00f6r\u00fc Prof. Dr. Yunus S\u00f6ylet, \u0130stanbul B\u00fcy\u00fck\u015fehir Belediye Ba\u015fkan\u0131 Kadir Topba\u015f, \u0130stanbul \u0130l Emniyet M\u00fcd\u00fcr\u00fc H\u00fcseyin \u00c7apk\u0131n e\u015flik etti. Programda \u00e7ok say\u0131da akademisyenin yan\u0131 s\u0131ra Cumhurba\u015fkanl\u0131\u011f\u0131 Ekonomi Ba\u015fdan\u0131\u015fman\u0131 ve eski Merkez Bankas\u0131 Ba\u015fkan\u0131 Durmu\u015f Y\u0131lmaz da haz\u0131r bulundu.<br \/>\nYo\u011fun g\u00fcvenlik \u00f6nlemleri alt\u0131nda salona giren G\u00fcl, kat\u0131l\u0131mc\u0131lar taraf\u0131ndan alk\u0131\u015flarla kar\u015f\u0131land\u0131. Cumhurba\u015fkan\u0131 G\u00fcl, kat\u0131l\u0131mc\u0131larla tokala\u015ft\u0131. Program sayg\u0131 duru\u015fu ve \u0130stiklal Mar\u015f\u0131 ile ba\u015flad\u0131.<\/p>\n<!-- Error, Advert is not available at this time due to schedule\/geolocation restrictions! -->\n<!-- Error, Advert is not available at this time due to schedule\/geolocation restrictions! -->\n","protected":false},"excerpt":{"rendered":"<p>Abdullah G\u00fcl&#8217;e \u0130stanbul \u00dcniversitesi&#8217;nde protesto \/ 5 \u00f6\u011frenci kelep\u00e7elendi! \u0130stanbul \u00dcniversitesi \u0130ktisat Fak\u00fcltesi 75. kurulu\u015f y\u0131l d\u00f6n\u00fcm\u00fc kutlamas\u0131na kat\u0131lmak i\u00e7in \u00fcniversiteye gelen Cumhurba\u015fkan\u0131 Abdullah G\u00fcl\u2019\u00fc protesto eden 5 \u00f6\u011frenci yaka pa\u00e7a kelep\u00e7elenerek g\u00f6zalt\u0131na al\u0131nd\u0131.<\/p>\n","protected":false},"author":4,"featured_media":186295,"comment_status":"open","ping_status":"open","sticky":false,"template":"","format":"standard","meta":{"_acf_changed":false,"footnotes":""},"categories":[6663,6155,5005,6202,349,6805],"tags":[4343,15643,45420,44604],"class_list":["post-91419","post","type-post","status-publish","format-standard","has-post-thumbnail","hentry","category-egitim","category-gundem","category-manset","category-politika","category-son-dakika","category-turkiye","tag-abdullah-gul","tag-beyazit","tag-durmus-yilmaz","tag-yunus-soylet"],"acf":[],"_links":{"self":[{"href":"https:\/\/www.nationalturk.com\/tr\/wp-json\/wp\/v2\/posts\/91419","targetHints":{"allow":["GET"]}}],"collection":[{"href":"https:\/\/www.nationalturk.com\/tr\/wp-json\/wp\/v2\/posts"}],"about":[{"href":"https:\/\/www.nationalturk.com\/tr\/wp-json\/wp\/v2\/types\/post"}],"author":[{"embeddable":true,"href":"https:\/\/www.nationalturk.com\/tr\/wp-json\/wp\/v2\/users\/4"}],"replies":[{"embeddable":true,"href":"https:\/\/www.nationalturk.com\/tr\/wp-json\/wp\/v2\/comments?post=91419"}],"version-history":[{"count":0,"href":"https:\/\/www.nationalturk.com\/tr\/wp-json\/wp\/v2\/posts\/91419\/revisions"}],"wp:featuredmedia":[{"embeddable":true,"href":"https:\/\/www.nationalturk.com\/tr\/wp-json\/wp\/v2\/media\/186295"}],"wp:attachment":[{"href":"https:\/\/www.nationalturk.com\/tr\/wp-json\/wp\/v2\/media?parent=91419"}],"wp:term":[{"taxonomy":"category","embeddable":true,"href":"https:\/\/www.nationalturk.com\/tr\/wp-json\/wp\/v2\/categories?post=91419"},{"taxonomy":"post_tag","embeddable":true,"href":"https:\/\/www.nationalturk.com\/tr\/wp-json\/wp\/v2\/tags?post=91419"}],"curies":[{"name":"wp","href":"https:\/\/api.w.org\/{rel}","templated":true}]}}