{"id":9206,"date":"2009-11-19T17:57:26","date_gmt":"2009-11-19T14:57:26","guid":{"rendered":"http:\/\/www.nationalturk.com\/?p=9206"},"modified":"2009-11-19T17:57:26","modified_gmt":"2009-11-19T14:57:26","slug":"domuz-gribi-salgam","status":"publish","type":"post","link":"https:\/\/www.nationalturk.com\/tr\/domuz-gribi-salgam\/","title":{"rendered":"Domuz gribine kar\u015f\u0131 \u015ealgam!"},"content":{"rendered":"<p><strong><img loading=\"lazy\" decoding=\"async\" class=\"alignleft size-medium wp-image-9207\" title=\"\u015ealgam\" src=\"http:\/\/www.nationalturk.com\/tr\/wp-content\/uploads\/2009\/11\/salgam_dikey-165x220.jpg\" alt=\"\u015ealgam\" width=\"165\" height=\"220\" srcset=\"https:\/\/www.nationalturk.com\/tr\/wp-content\/uploads\/2009\/11\/salgam_dikey-165x220.jpg 165w, https:\/\/www.nationalturk.com\/tr\/wp-content\/uploads\/2009\/11\/salgam_dikey.jpg 300w\" sizes=\"auto, (max-width: 165px) 100vw, 165px\" \/>Adana Ticaret Odas\u0131 Ba\u015fkan\u0131 \u015eaban Ba\u015f, \u015falgam ve narenciyenin domuz gribine kar\u015f\u0131 koruyucu oldu\u011funu s\u00f6yledi.<\/strong><\/p>\n<p>Domuz gribi salg\u0131n\u0131n\u0131n insan sa\u011fl\u0131\u011f\u0131n\u0131 oldu\u011fu kadar ba\u015fta ihracat olmak \u00fczere ulusal ve uluslararas\u0131 ticareti de olumsuz etkiledi\u011fini kaydeden ATO Ba\u015fkan\u0131 Ba\u015f, gripten dolay\u0131 \u00c7ukurova\u2019da can kayb\u0131na ili\u015fkin herhangi bir olay ya\u015fanmam\u0131\u015f olmas\u0131n\u0131, gribin yay\u0131ld\u0131\u011f\u0131 d\u00f6nemin narenciye sezonuna rastlamas\u0131na ba\u011flad\u0131.<\/p>\n<p>Ba\u015f, b\u00f6lgede y\u00fcksek d\u00fczeyde t\u00fcketilen narenciyenin yan\u0131 s\u0131ra, ba\u015fta C vitamini olmak \u00fczere vitaminsel anlamda b\u00fcy\u00fck zenginlikler i\u00e7eren \u015falgam\u0131n, \u00c7ukuroval\u0131lar\u0131n hastal\u0131\u011fa yakalanma oran\u0131n\u0131n d\u00fc\u015f\u00fck olmas\u0131nda son derece etkili oldu\u011funu kaydetti.<\/p>\n","protected":false},"excerpt":{"rendered":"<p>Adana Ticaret Odas\u0131 Ba\u015fkan\u0131 \u015eaban Ba\u015f, \u015falgam ve narenciyenin domuz gribine kar\u015f\u0131 koruyucu oldu\u011funu s\u00f6yledi.<\/p>\n","protected":false},"author":4,"featured_media":193646,"comment_status":"open","ping_status":"open","sticky":false,"template":"","format":"standard","meta":{"_acf_changed":false,"footnotes":""},"categories":[5005,6669,6805],"tags":[9496,9497,961,1820,9493,9495,9498,9494],"class_list":["post-9206","post","type-post","status-publish","format-standard","has-post-thumbnail","hentry","category-manset","category-saglik","category-turkiye","tag-adana-ticaret-odasi","tag-adana-ticaret-odasi-baskanligi","tag-domuz-gribi","tag-domuz-gribi-onlemleri","tag-domuz-gribi-salgam","tag-saban-bas","tag-salgam","tag-salgam-suyu"],"acf":[],"_links":{"self":[{"href":"https:\/\/www.nationalturk.com\/tr\/wp-json\/wp\/v2\/posts\/9206","targetHints":{"allow":["GET"]}}],"collection":[{"href":"https:\/\/www.nationalturk.com\/tr\/wp-json\/wp\/v2\/posts"}],"about":[{"href":"https:\/\/www.nationalturk.com\/tr\/wp-json\/wp\/v2\/types\/post"}],"author":[{"embeddable":true,"href":"https:\/\/www.nationalturk.com\/tr\/wp-json\/wp\/v2\/users\/4"}],"replies":[{"embeddable":true,"href":"https:\/\/www.nationalturk.com\/tr\/wp-json\/wp\/v2\/comments?post=9206"}],"version-history":[{"count":0,"href":"https:\/\/www.nationalturk.com\/tr\/wp-json\/wp\/v2\/posts\/9206\/revisions"}],"wp:featuredmedia":[{"embeddable":true,"href":"https:\/\/www.nationalturk.com\/tr\/wp-json\/wp\/v2\/media\/193646"}],"wp:attachment":[{"href":"https:\/\/www.nationalturk.com\/tr\/wp-json\/wp\/v2\/media?parent=9206"}],"wp:term":[{"taxonomy":"category","embeddable":true,"href":"https:\/\/www.nationalturk.com\/tr\/wp-json\/wp\/v2\/categories?post=9206"},{"taxonomy":"post_tag","embeddable":true,"href":"https:\/\/www.nationalturk.com\/tr\/wp-json\/wp\/v2\/tags?post=9206"}],"curies":[{"name":"wp","href":"https:\/\/api.w.org\/{rel}","templated":true}]}}