{"id":92461,"date":"2011-12-23T14:25:17","date_gmt":"2011-12-23T12:25:17","guid":{"rendered":"http:\/\/www.nationalturk.com\/?p=92461"},"modified":"2011-12-23T14:25:17","modified_gmt":"2011-12-23T12:25:17","slug":"suriyede-intihar-saldirilari-40-olu-suriye-haberleri-92461","status":"publish","type":"post","link":"https:\/\/www.nationalturk.com\/tr\/suriyede-intihar-saldirilari-40-olu-suriye-haberleri-92461\/","title":{"rendered":"Suriye&#8217;de intihar sald\u0131r\u0131lar\u0131: 40 \u00f6l\u00fc \/ Suriye Haberleri"},"content":{"rendered":"<h1><img loading=\"lazy\" decoding=\"async\" class=\"alignleft size-full wp-image-92462\" title=\"Suriye\" src=\"http:\/\/www.nationalturk.com\/tr\/wp-content\/uploads\/2011\/12\/suriye-saldiri-e1324643017324.jpg\" alt=\"\" width=\"251\" height=\"187\">Suriye&#8217;de intihar sald\u0131r\u0131lar\u0131: 40 \u00f6l\u00fc! Suriye&#8217;nin ba\u015fkenti \u015eam&#8217;da bir istihbarat binas\u0131n\u0131 hedef alan bombal\u0131 intihar sald\u0131r\u0131lar\u0131nda 40 ki\u015fi hayat\u0131n\u0131 kaybetti. \u00a0\/ Suriye Haberleri<\/h1>\n<p>Suriye\u2019nin ba\u015fkenti \u015eam\u2019da bug\u00fcn d\u00fczenlenen sald\u0131r\u0131da en az 30 ki\u015finin \u00f6ld\u00fc\u011f\u00fc, 100 ki\u015finin de yaraland\u0131\u011f\u0131 a\u00e7\u0131kland\u0131. Suriye D\u0131\u015fi\u015fleri Bakan\u0131 Yard\u0131mc\u0131s\u0131 Faysal Mikdat bomba y\u00fckl\u00fc iki ara\u00e7la d\u00fczenlenen intihar sald\u0131r\u0131s\u0131nda 30\u2019dan fazla ki\u015finin \u00f6ld\u00fc\u011f\u00fcn\u00fc, 100den fazla ki\u015finin de yaraland\u0131\u011f\u0131n\u0131 a\u00e7\u0131klad\u0131. Suriye devlet televizyonu ise sald\u0131r\u0131larda \u00f6lenlerin say\u0131s\u0131n\u0131 40 olarak duyurdu.<\/p>\n<p>Sald\u0131r\u0131da Suriye istihbarat\u0131na ait bir bina hedef al\u0131nm\u0131\u015ft\u0131. Sald\u0131r\u0131, Arap Birli\u011fi g\u00f6zlemcilerinin \u015eam\u2019a gelmeyi planlad\u0131\u011f\u0131 bir d\u00f6nemde ger\u00e7ekle\u015fmesi dikkat \u00e7ekti.<\/p>\n<p>Suriye&#8217;de ayaklanmalar dokuzuncu ay\u0131n\u0131 geride b\u0131rak\u0131rken bug\u00fcn ba\u015fkent \u015eam&#8217;\u0131n merkezinde iki ayr\u0131 sald\u0131r\u0131 ger\u00e7ekle\u015fti. \u0130stihbarat Merkezi ve g\u00fcvenlik \u015fubesine ger\u00e7ekle\u015ftirilen iki ayr\u0131 intihar sald\u0131r\u0131lar\u0131nda 30 ki\u015finin \u00f6ld\u00fc, 100 ki\u015fi de yaraland\u0131.<\/p>\n<p>Ba\u015fkent \u015eam giri\u015finde yer alan \u0130stihbarat Merkezi&#8217;ne y\u00f6nelik ger\u00e7ekle\u015ftirilen ve bir araba yerle\u015ftirilen patlay\u0131c\u0131lar\u0131n infilak etmesi sonucu yerde yakla\u015f\u0131k 1 metre derinli\u011finde ve 2 metre \u00e7ap\u0131nda bir \u00e7ukur olu\u015ftu. Patlaman\u0131n etkisiyle \u00e7evrede bulunan g\u00fcvenlik mensuplar\u0131n\u0131n yan\u0131 s\u0131ra sivil vatanda\u015flar\u0131nda \u00f6ld\u00fc\u011f\u00fc belirtildi.<\/p>\n<p>Suriye resmi televizyonu patlamalar sonunda par\u00e7alanan cesetlerin yan\u0131 s\u0131ra yaral\u0131lar\u0131 ta\u015f\u0131yan ambulanslar\u0131n g\u00f6r\u00fcnt\u00fclerini yay\u0131nlad\u0131. Yap\u0131lan yay\u0131nlarda sald\u0131r\u0131n\u0131n arkas\u0131nda El Kaide ter\u00f6r \u00f6rg\u00fct\u00fcn\u00fcn sorumlu oldu\u011fu iddia edildi.<br \/>\n\u015eam merkezinde iki ayr\u0131 noktaya yap\u0131lan sald\u0131r\u0131 zamanlamas\u0131 a\u00e7\u0131s\u0131ndan da dikkat \u00e7ekiyor. Sald\u0131r\u0131lar Arap Birli\u011fi&#8217;nin Suriye&#8217;de inceleme amac\u0131yla g\u00f6nderdi\u011fi heyetin \u015eam&#8217;a gelerek inceleme yapaca\u011f\u0131 bir d\u00f6nemde meydana geldi. Suriye y\u00f6netimi sald\u0131r\u0131dan El Kaideyi sorumlu tutarken Suriyeli muhalifler sald\u0131r\u0131lar\u0131n y\u00f6netim taraf\u0131ndan olu\u015fturulan senaryonun bir par\u00e7as\u0131 olarak de\u011ferlendiriliyor.<\/p>\n<!-- Error, Advert is not available at this time due to schedule\/geolocation restrictions! -->\n","protected":false},"excerpt":{"rendered":"<p>Suriye&#8217;de intihar sald\u0131r\u0131lar\u0131: 40 \u00f6l\u00fc! Suriye&#8217;nin ba\u015fkenti \u015eam&#8217;da bir istihbarat binas\u0131n\u0131 hedef alan bombal\u0131 intihar sald\u0131r\u0131lar\u0131nda 40 ki\u015fi hayat\u0131n\u0131 kaybetti. \/ Suriye haberleri<\/p>\n","protected":false},"author":4,"featured_media":186143,"comment_status":"open","ping_status":"open","sticky":false,"template":"","format":"standard","meta":{"_acf_changed":false,"footnotes":""},"categories":[6769,6665,6155,5005,6772,349],"tags":[806,88514,88515,88513,85148],"class_list":["post-92461","post","type-post","status-publish","format-standard","has-post-thumbnail","hentry","category-asya","category-dunya","category-gundem","category-manset","category-ortadogu","category-son-dakika","tag-suriye","tag-suriye-bomba","tag-suriye-bombali-saldiri","tag-suriye-intihar-saldirisi","tag-suriye-saldiri"],"acf":[],"_links":{"self":[{"href":"https:\/\/www.nationalturk.com\/tr\/wp-json\/wp\/v2\/posts\/92461","targetHints":{"allow":["GET"]}}],"collection":[{"href":"https:\/\/www.nationalturk.com\/tr\/wp-json\/wp\/v2\/posts"}],"about":[{"href":"https:\/\/www.nationalturk.com\/tr\/wp-json\/wp\/v2\/types\/post"}],"author":[{"embeddable":true,"href":"https:\/\/www.nationalturk.com\/tr\/wp-json\/wp\/v2\/users\/4"}],"replies":[{"embeddable":true,"href":"https:\/\/www.nationalturk.com\/tr\/wp-json\/wp\/v2\/comments?post=92461"}],"version-history":[{"count":0,"href":"https:\/\/www.nationalturk.com\/tr\/wp-json\/wp\/v2\/posts\/92461\/revisions"}],"wp:featuredmedia":[{"embeddable":true,"href":"https:\/\/www.nationalturk.com\/tr\/wp-json\/wp\/v2\/media\/186143"}],"wp:attachment":[{"href":"https:\/\/www.nationalturk.com\/tr\/wp-json\/wp\/v2\/media?parent=92461"}],"wp:term":[{"taxonomy":"category","embeddable":true,"href":"https:\/\/www.nationalturk.com\/tr\/wp-json\/wp\/v2\/categories?post=92461"},{"taxonomy":"post_tag","embeddable":true,"href":"https:\/\/www.nationalturk.com\/tr\/wp-json\/wp\/v2\/tags?post=92461"}],"curies":[{"name":"wp","href":"https:\/\/api.w.org\/{rel}","templated":true}]}}