{"id":92703,"date":"2011-12-27T09:29:22","date_gmt":"2011-12-27T07:29:22","guid":{"rendered":"http:\/\/www.nationalturk.com\/?p=92703"},"modified":"2024-09-08T16:59:01","modified_gmt":"2024-09-08T13:59:01","slug":"diyarbakir-bismil-sehit-92703","status":"publish","type":"post","link":"https:\/\/www.nationalturk.com\/tr\/diyarbakir-bismil-sehit-92703\/","title":{"rendered":"Diyarbak\u0131r Bismil&#8217;de 1 \u015fehit"},"content":{"rendered":"<h1><img loading=\"lazy\" decoding=\"async\" class=\"alignleft size-medium wp-image-92706\" title=\"\" src=\"http:\/\/www.nationalturk.com\/tr\/wp-content\/uploads\/2011\/12\/son-dakika-dikey15-206x220.jpg\" alt=\"\" width=\"206\" height=\"220\" srcset=\"https:\/\/www.nationalturk.com\/tr\/wp-content\/uploads\/2011\/12\/son-dakika-dikey15-206x220.jpg 206w, https:\/\/www.nationalturk.com\/tr\/wp-content\/uploads\/2011\/12\/son-dakika-dikey15.jpg 300w\" sizes=\"auto, (max-width: 206px) 100vw, 206px\" \/>Diyarbak\u0131r Bismil&#8217;de 1 \u015fehit!\u00a0Diyarbak\u0131r&#8217;\u0131n Bismil il\u00e7esinde PKK&#8217;l\u0131 ter\u00f6ristler taraf\u0131ndan polis ekibine d\u00fczenlenen sald\u0131r\u0131da 1 polis memuru \u015fehit oldu.<\/h1>\n<p>Al\u0131nan bilgilere g\u00f6re Bismil il\u00e7esinin giri\u015finde PKK ter\u00f6r \u00f6rg\u00fct\u00fc mensuplar\u0131, polis arac\u0131na uzun namlulu silahlarla sald\u0131r\u0131 d\u00fczenledi. Yaralanan iki polis memuru Diyarbak\u0131r Dicle \u00dcniversitesi T\u0131p Fak\u00fcltesi Hastanesi\u2019nde tedavi alt\u0131na al\u0131nd\u0131. Yo\u011fun bak\u0131ma al\u0131nan polis memuru Zafer Say\u0131l yap\u0131lan t\u00fcm m\u00fcdahalelere ra\u011fmen kurtar\u0131lamad\u0131.<\/p>\n<p>Yaralanan di\u011fer polis memurunun ise durumunun iyi oldu\u011fu \u00f6\u011frenildi.\u00a0Diyarbak\u0131r Valili\u011fi sald\u0131r\u0131y\u0131 d\u00fczenleyen ve 4 ki\u015fi oldu\u011fu belirlenen ter\u00f6ristlerin sivil bir ara\u00e7la ka\u00e7t\u0131klar\u0131n\u0131 ve yakalanmalar\u0131 i\u00e7in operasyonun ba\u015flat\u0131ld\u0131\u011f\u0131n\u0131 bildirdi.<\/p>\n<!-- Error, Advert is not available at this time due to schedule\/geolocation restrictions! -->\n","protected":false},"excerpt":{"rendered":"<p>Diyarbak\u0131r Bismil&#8217;de 1 \u015fehit! Diyarbak\u0131r&#8217;\u0131n Bismil il\u00e7esinde PKK&#8217;l\u0131 ter\u00f6ristler taraf\u0131ndan polis ekibine d\u00fczenlenen sald\u0131r\u0131da 1 polis memuru \u015fehit oldu.<\/p>\n","protected":false},"author":4,"featured_media":186101,"comment_status":"open","ping_status":"open","sticky":false,"template":"","format":"standard","meta":{"_acf_changed":false,"footnotes":""},"categories":[6155,5005,349,6805],"tags":[55080,18121,1470,75432,5592],"class_list":["post-92703","post","type-post","status-publish","format-standard","has-post-thumbnail","hentry","category-gundem","category-manset","category-son-dakika","category-turkiye","tag-bismil","tag-dicle-universitesi","tag-diyarbakir","tag-diyarbakir-catisma","tag-pkk"],"acf":[],"_links":{"self":[{"href":"https:\/\/www.nationalturk.com\/tr\/wp-json\/wp\/v2\/posts\/92703","targetHints":{"allow":["GET"]}}],"collection":[{"href":"https:\/\/www.nationalturk.com\/tr\/wp-json\/wp\/v2\/posts"}],"about":[{"href":"https:\/\/www.nationalturk.com\/tr\/wp-json\/wp\/v2\/types\/post"}],"author":[{"embeddable":true,"href":"https:\/\/www.nationalturk.com\/tr\/wp-json\/wp\/v2\/users\/4"}],"replies":[{"embeddable":true,"href":"https:\/\/www.nationalturk.com\/tr\/wp-json\/wp\/v2\/comments?post=92703"}],"version-history":[{"count":0,"href":"https:\/\/www.nationalturk.com\/tr\/wp-json\/wp\/v2\/posts\/92703\/revisions"}],"wp:featuredmedia":[{"embeddable":true,"href":"https:\/\/www.nationalturk.com\/tr\/wp-json\/wp\/v2\/media\/186101"}],"wp:attachment":[{"href":"https:\/\/www.nationalturk.com\/tr\/wp-json\/wp\/v2\/media?parent=92703"}],"wp:term":[{"taxonomy":"category","embeddable":true,"href":"https:\/\/www.nationalturk.com\/tr\/wp-json\/wp\/v2\/categories?post=92703"},{"taxonomy":"post_tag","embeddable":true,"href":"https:\/\/www.nationalturk.com\/tr\/wp-json\/wp\/v2\/tags?post=92703"}],"curies":[{"name":"wp","href":"https:\/\/api.w.org\/{rel}","templated":true}]}}