{"id":92771,"date":"2011-12-27T14:02:07","date_gmt":"2011-12-27T12:02:07","guid":{"rendered":"http:\/\/www.nationalturk.com\/?p=92771"},"modified":"2024-02-06T16:10:13","modified_gmt":"2024-02-06T13:10:13","slug":"aziz-yildirim-goksel-gumusdag-ve-savci-arslanalp-arasindaki-ilginc-gorusmeler-92771","status":"publish","type":"post","link":"https:\/\/www.nationalturk.com\/tr\/aziz-yildirim-goksel-gumusdag-ve-savci-arslanalp-arasindaki-ilginc-gorusmeler-92771\/","title":{"rendered":"Aziz Y\u0131ld\u0131r\u0131m, G\u00f6ksel G\u00fcm\u00fc\u015fda\u011f ve savc\u0131 Arslanalp aras\u0131ndaki ilgin\u00e7 g\u00f6r\u00fc\u015fmeler"},"content":{"rendered":"<h1><img loading=\"lazy\" decoding=\"async\" class=\"alignleft size-medium wp-image-92772\" title=\"Aziz Y\u0131ld\u0131r\u0131m\" src=\"http:\/\/www.nationalturk.com\/tr\/wp-content\/uploads\/2011\/12\/aziz__yildirim__adliye-280x155.jpg\" alt=\"\" width=\"280\" height=\"155\" srcset=\"https:\/\/www.nationalturk.com\/tr\/wp-content\/uploads\/2011\/12\/aziz__yildirim__adliye-280x155.jpg 280w, https:\/\/www.nationalturk.com\/tr\/wp-content\/uploads\/2011\/12\/aziz__yildirim__adliye-610x338.jpg 610w, https:\/\/www.nationalturk.com\/tr\/wp-content\/uploads\/2011\/12\/aziz__yildirim__adliye.jpg 630w\" sizes=\"auto, (max-width: 280px) 100vw, 280px\" \/>Aziz Y\u0131ld\u0131r\u0131m&#8217;\u0131n, TFF ba\u015fkan\u0131 olmas\u0131n\u0131 istedi\u011fi G\u00f6ksel G\u00fcm\u00fc\u015fda\u011f&#8217;\u0131n Almanya merkezli \u015fike soru\u015fturmas\u0131ndan ad\u0131n\u0131n lekelenmemesi i\u00e7in bir tak\u0131m \u00e7al\u0131\u015fmalarda bulundu\u011fu iddia edildi.<\/h1>\n<p><strong>Bug\u00fcn gazetesinin haberi;<\/strong><\/p>\n<p>Hakim Evi&#8217;nde ifade vermesi i\u00e7in Mosturo\u011flu, Din\u00e7 ve Arslanalp&#8217;in organize i\u00e7ine bulundu\u011fu belirtildi.<\/p>\n<p>\u015eike soru\u015fturmas\u0131nda tutuklu yarg\u0131lanan Fenerbah\u00e7e Ba\u015fkan\u0131 Aziz Y\u0131ld\u0131r\u0131m&#8217;\u0131n TFF Ba\u015fkan\u0131 olmas\u0131n\u0131 istedi\u011fi G\u00f6ksel G\u00fcm\u00fc\u015fda\u011f&#8217;\u0131n Almanya merkezli \u015fike soru\u015fturmas\u0131ndan ad\u0131n\u0131n lekelenmemesi i\u00e7in bir tak\u0131m \u00e7al\u0131\u015fmalarda bulundu\u011fu iddia edildi. Y\u0131ld\u0131r\u0131m&#8217;\u0131n, G\u00fcm\u00fc\u015fda\u011f&#8217;\u0131n ikinci kez ifadesinin al\u0131nmas\u0131 ile ilgili olarak soru\u015fturman\u0131n lehine tamamlanmas\u0131na yo\u011funla\u015ft\u0131\u011f\u0131 \u00f6\u011frenildi.<\/p>\n<p>S\u00f6z konusu soru\u015fturmada G\u00fcm\u00fc\u015fda\u011f&#8217;\u0131n al\u0131nan ifadesinde olaya ili\u015fkin olarak; \u015eekip Mosturo\u011flu&#8217;nun bahse konu \u015fike soru\u015fturmas\u0131n\u0131 y\u00fcr\u00fct\u00fcten Savc\u0131 Faz\u0131l Arslanalp ile arkada\u015f oldu\u011fu tespit edildi. Yap\u0131lan soru\u015fturma kapsam\u0131nda G\u00fcm\u00fc\u015fda\u011f&#8217;a kendisinin de ifadesine ba\u015fvurulaca\u011f\u0131n\u0131 ancak isterse savc\u0131l\u0131k d\u0131\u015f\u0131nda da ifadesinin al\u0131nabilece\u011finin s\u00f6ylendi\u011fi, bu durum \u00fczerine medyada yanl\u0131\u015f alabilece\u011fi d\u00fc\u015f\u00fcncesi ile G\u00fcm\u00fc\u015fda\u011f&#8217;\u0131n teklifi kabul etti\u011fini \u00f6\u011frenildi.<\/p>\n<p>Tan\u0131k m\u0131 \u015f\u00fcpheli mi bilinmiyor<\/p>\n<p>S\u00f6z konusu ili\u015fkilerin ilerleyen s\u00fcre\u00e7te Mehmet \u015eekip Mosturo\u011flu ile birlikte \u00e7al\u0131\u015fan Sami Din\u00e7&#8217;in, Faz\u0131l Arslanalp ile Hakim Evi&#8217;nde ifadesinin al\u0131nmas\u0131 i\u00e7in organize yapt\u0131\u011f\u0131n\u0131 ve kendisine haber verdi\u011fi teknik ve fiziki takibe yans\u0131d\u0131\u011f\u0131 g\u00f6r\u00fcl\u00fcyor. Din\u00e7&#8217;in haber vermesinin ard\u0131ndan G\u00f6ksel G\u00fcm\u00fc\u015fda\u011f&#8217;\u0131n yaln\u0131z olarak Hakim Evine gitti\u011fini, burada Sami Din\u00e7 ve Faz\u0131l Arslanalp&#8217;in bulunduklar\u0131n\u0131 belirtti\u011fi \u00f6\u011frenildi. Soru\u015fturma kapsam\u0131nda ifadesini verdi\u011fini ancak Din\u00e7&#8217;in ifadeye kat\u0131lmad\u0131\u011f\u0131n\u0131 s\u00f6yleyen G\u00fcm\u00fc\u015fda\u011f, tan\u0131k s\u0131fat\u0131 ile mi \u015f\u00fcpheli s\u0131fat\u0131 ile mi ifade verdi\u011fini hat\u0131rlamad\u0131\u011f\u0131n\u0131 vurgulad\u0131\u011f\u0131 \u00f6\u011frenildi. Bilal \u015eAH\u0130N<\/p>\n<p>\u0130ki ma\u00e7ta \u015fike iddias\u0131<\/p>\n<p>G\u00fcm\u00fc\u015fda\u011f&#8217;\u0131n 2009&#8217;daki Gen\u00e7lerbirli\u011fi ve Kocaeli ma\u00e7lar\u0131nda \u015fike faaliyetlerinde bulundu\u011funa dair bilgilerin ba\u015fsavc\u0131l\u0131\u011fa ula\u015ft\u0131\u011f\u0131 \u00f6\u011frenildi. \u0130kinci ifadeyi ise 18 May\u0131s 2011&#8217;de verdi\u011fi vurguland\u0131.<\/p>\n<p>2010 Mart ay\u0131nda Almanya merkezli ba\u015flat\u0131lan operasyon ger\u00e7ekle\u015ftirilen \u015fike soru\u015fturmas\u0131 kapsam\u0131nda 03.05.2009 g\u00fcn\u00fc oynanan Belediyepor-Gen\u00e7lerbirli\u011fi ve 24.05.2009 g\u00fcn\u00fc oynanan Kocaelispor-Belediyespor m\u00fcsabakalar\u0131nda \u015fike yap\u0131lmas\u0131 ile ilgili olarak 30.03.2010 tarihinde G\u00f6ksel G\u00fcm\u00fc\u015fda\u011f&#8217;\u0131n \u015f\u00fcpheli olarak ifadesi al\u0131nd\u0131\u011f\u0131 \u00f6\u011frenildi. Almanya adli makamlar\u0131 taraf\u0131ndan y\u00fcr\u00fct\u00fclen soru\u015fturman\u0131n i\u00e7eri\u011fine ait yeni belgeler gelmesiyle \u0130stanbul Cumhuriyet Ba\u015fsavc\u0131l\u0131\u011f\u0131 s\u00f6z konusu belgelerde G\u00f6ksel G\u00fcm\u00fc\u015fda\u011f&#8217;\u0131n da \u015fike faaliyetlerinde bulundu\u011fu y\u00f6n\u00fcnde bilgiler bulundu\u011funu tespit etti\u011fi \u00f6\u011frenildi. Soru\u015fturmada \u015f\u00fcpheli s\u0131fat\u0131yla yer alan G\u00fcm\u00fc\u015fda\u011f&#8217;\u0131n savc\u0131 Faz\u0131l Arslanalp taraf\u0131ndan Hakimevi&#8217;nde 18.05.2011 g\u00fcn\u00fc 2. kez ifadesinin al\u0131nd\u0131\u011f\u0131 belirtildi.<\/p>\n<p>Mosturo\u011flu-Arslanalp g\u00f6r\u00fc\u015fmesi<\/p>\n<p>Seni bug\u00fcn bekliyor<\/p>\n<p>02.05.2011 g\u00fcn\u00fc Fenerbah\u00e7e y\u00f6neticisi \u015eekip Mosturo\u011flu ile Savc\u0131 Faz\u0131l Arslanalp aras\u0131ndaki telefon konu\u015fmalar\u0131 i\u015fte kay\u0131tlara \u015f\u00f6yle yans\u0131yor:<br \/>\nArslanalp: Patron geleyim mi? Mesaiden sonra gelebilirim.<br \/>\nMosturo\u011flu: Ka\u00e7ta gelece\u011fini s\u00f6yle. Ben ona g\u00f6re ayarlayay\u0131m ba\u015fkan\u0131. S\u00f6yledim bekliyor seni bug\u00fcn.<br \/>\nArslanalp: Be\u015f bu\u00e7uk alt\u0131<\/p>\n<p>Y\u0131ld\u0131r\u0131m-Mosturo\u011flu g\u00f6r\u00fc\u015fmesi<\/p>\n<p>Ba\u015fkan\u0131m Faz\u0131l beyin selam\u0131 var<\/p>\n<p>02.05.2011 g\u00fcn\u00fc Aziz Y\u0131ld\u0131r\u0131m&#8217;\u0131n \u015eekip Mosturo\u011flu&#8217;nu arad\u0131\u011f\u0131 konu\u015fman\u0131n detay\u0131 \u015f\u00f6yle:<br \/>\nY\u0131ld\u0131r\u0131m: Ben gelmiyorum. Rahat oturun<br \/>\nMosturo\u011flu: Tamam sa\u011folun ba\u015fkan\u0131m. \u00c7ok selam\u0131 var Faz\u0131l beyin.<br \/>\nY\u0131ld\u0131r\u0131m: Sa\u011fol&#8230; Benden de<\/p>\n<p>Din\u00e7-Arslanalp g\u00f6r\u00fc\u015fmesi<\/p>\n<p>Zaten katiple gelece\u011fim<\/p>\n<p>18.05.2011 g\u00fcn\u00fc Sami Din\u00e7&#8217;in, Faz\u0131l Arslanalp&#8217;i arad\u0131\u011f\u0131 konu\u015fma.<br \/>\nDin\u00e7: Say\u0131n savc\u0131m sayg\u0131lar nas\u0131ls\u0131n\u0131z? Yoraca\u011f\u0131z o zaman bug\u00fcn sizi. Kusura bakmay\u0131n.<br \/>\nArslanalp: Olsun olsun&#8230; Ka\u00e7 gibi?<br \/>\nDin\u00e7: D\u00fcn dedi\u011fim gibi be\u015f &#8211; be\u015f bu\u00e7uk gibi ne zaman m\u00fcsaitseniz. \u0130sterseniz ben sizi alay\u0131m beraber ge\u00e7elim. Zaten \u00e7ok yak\u0131n.<br \/>\nArslanalp: A\u011fa orada m\u0131 olacak?<br \/>\nDin\u00e7: Onu da yoldan al\u0131r\u0131z.<br \/>\nArslanalp: Olabilir tamam. Ben zaten katiple gelece\u011fim<br \/>\nDin\u00e7: Oradan ge\u00e7eriz. Oraya gelir veya yoldan al\u0131r\u0131z<\/p>\n<p>Din\u00e7-Dizdar g\u00f6r\u00fc\u015fmesi<\/p>\n<p>Spor ayakkab\u0131 hat\u0131ras\u0131<\/p>\n<p>Avukat Sami Din\u00e7&#8217;in 18.05.2011 tarihinde Faz\u0131l Aslanalp ile bulu\u015fmak i\u00e7in randevula\u015ft\u0131\u011f\u0131, daha sonra Belediyespor y\u00f6neticisi Kamil Dizdar, G\u00fcm\u00fc\u015fda\u011f ve Din\u00e7 ile Arslanalp&#8217;in Hakimevi&#8217;nde bir araya geldikleri tespit ediliyor. Savc\u0131 Arslanalp&#8217;in 2. kez G\u00fcm\u00fc\u015fda\u011f&#8217;\u0131n ifadesini ald\u0131\u011f\u0131 ortaya \u00e7\u0131k\u0131yor. Kamil Dizdar ile Sami Din\u00e7&#8217;in kay\u0131tlara ge\u00e7en telefon konu\u015fmas\u0131 \u015f\u00f6yle:<br \/>\nDin\u00e7: G\u00f6ksel ba\u015fkan program\u0131nda de\u011fi\u015fiklik yok de\u011fil mi?<br \/>\nDizdar: Lig TV&#8217;den \u00e7\u0131kt\u0131 o nedenle telefonlar\u0131m\u0131z kapal\u0131yd\u0131. O \u015fu anda yolda. Yani oraya gitti. \u00c7antalar\u0131 da koydum arkaya.<br \/>\nDin\u00e7: Anlad\u0131m<br \/>\nDizdar: Bir araya ayakkab\u0131 numaran\u0131 falan bana at. Tak\u0131m ald\u0131\u011f\u0131m zaman sana da alaca\u011f\u0131m<br \/>\nDin\u00e7: \u00c7ok ciddiyim hen zaman yapar\u0131z. Hi\u00e7 \u00f6nemi yok.<br \/>\nDizdar: Hatta istiyorsan \u0130stanbul B\u00fcy\u00fck\u015fehir Belediyespor yapar\u0131m onu. \u0130leride hat\u0131ras\u0131 olur istiyorsan.<\/p>\n<!-- Error, Advert is not available at this time due to schedule\/geolocation restrictions! -->\n<!-- Error, Advert is not available at this time due to schedule\/geolocation restrictions! -->\n","protected":false},"excerpt":{"rendered":"<p>Aziz Y\u0131ld\u0131r\u0131m&#8217;\u0131n, TFF ba\u015fkan\u0131 olmas\u0131n\u0131 istedi\u011fi G\u00f6ksel G\u00fcm\u00fc\u015fda\u011f&#8217;\u0131n Almanya merkezli \u015fike soru\u015fturmas\u0131ndan ad\u0131n\u0131n lekelenmemesi i\u00e7in bir tak\u0131m \u00e7al\u0131\u015fmalarda bulundu\u011fu iddia edildi.<\/p>\n","protected":false},"author":4,"featured_media":186090,"comment_status":"open","ping_status":"open","sticky":false,"template":"","format":"standard","meta":{"_acf_changed":false,"footnotes":""},"categories":[6774,5005,220906,6194],"tags":[88764,47857,47859,26293,54229,88781,18466,17461,39260,21483,86948,19436],"class_list":["post-92771","post","type-post","status-publish","format-standard","has-post-thumbnail","hentry","category-futbol","category-manset","category-sikeli-maclar","category-spor","tag-aziz-yildirim-goksel-gumusdag","tag-bochum","tag-bochum-sike-sorusturmasi","tag-fazli-arslanalp","tag-goksel-gumusdag","tag-goksel-gumusdag-bochum","tag-sami-dinc","tag-sariyer","tag-sekip-mosturoglu","tag-sike","tag-sike-iddianamesi","tag-sike-sorusturmasi"],"acf":[],"_links":{"self":[{"href":"https:\/\/www.nationalturk.com\/tr\/wp-json\/wp\/v2\/posts\/92771","targetHints":{"allow":["GET"]}}],"collection":[{"href":"https:\/\/www.nationalturk.com\/tr\/wp-json\/wp\/v2\/posts"}],"about":[{"href":"https:\/\/www.nationalturk.com\/tr\/wp-json\/wp\/v2\/types\/post"}],"author":[{"embeddable":true,"href":"https:\/\/www.nationalturk.com\/tr\/wp-json\/wp\/v2\/users\/4"}],"replies":[{"embeddable":true,"href":"https:\/\/www.nationalturk.com\/tr\/wp-json\/wp\/v2\/comments?post=92771"}],"version-history":[{"count":0,"href":"https:\/\/www.nationalturk.com\/tr\/wp-json\/wp\/v2\/posts\/92771\/revisions"}],"wp:featuredmedia":[{"embeddable":true,"href":"https:\/\/www.nationalturk.com\/tr\/wp-json\/wp\/v2\/media\/186090"}],"wp:attachment":[{"href":"https:\/\/www.nationalturk.com\/tr\/wp-json\/wp\/v2\/media?parent=92771"}],"wp:term":[{"taxonomy":"category","embeddable":true,"href":"https:\/\/www.nationalturk.com\/tr\/wp-json\/wp\/v2\/categories?post=92771"},{"taxonomy":"post_tag","embeddable":true,"href":"https:\/\/www.nationalturk.com\/tr\/wp-json\/wp\/v2\/tags?post=92771"}],"curies":[{"name":"wp","href":"https:\/\/api.w.org\/{rel}","templated":true}]}}