{"id":93193,"date":"2011-12-31T11:20:54","date_gmt":"2011-12-31T09:20:54","guid":{"rendered":"http:\/\/www.nationalturk.com\/?p=93193"},"modified":"2011-12-31T12:18:36","modified_gmt":"2011-12-31T10:18:36","slug":"sezen-aksuya-saldiri-5139","status":"publish","type":"post","link":"https:\/\/www.nationalturk.com\/tr\/sezen-aksuya-saldiri-5139\/","title":{"rendered":"Sezen Aksu &#8216;ya sald\u0131r\u0131"},"content":{"rendered":"<h2><a href=\"http:\/\/www.nationalturk.com\/tr\/wp-content\/uploads\/2011\/12\/sezen-aksu-saldiri.jpg\"><img loading=\"lazy\" decoding=\"async\" class=\"alignleft size-medium wp-image-93196\" title=\"Sezen Aksu &#039;ya sald\u0131r\u0131\" src=\"http:\/\/www.nationalturk.com\/tr\/wp-content\/uploads\/2011\/12\/sezen-aksu-saldiri-280x204.jpg\" alt=\"\" width=\"280\" height=\"204\" srcset=\"https:\/\/www.nationalturk.com\/tr\/wp-content\/uploads\/2011\/12\/sezen-aksu-saldiri-280x204.jpg 280w, https:\/\/www.nationalturk.com\/tr\/wp-content\/uploads\/2011\/12\/sezen-aksu-saldiri.jpg 335w\" sizes=\"auto, (max-width: 280px) 100vw, 280px\" \/><\/a>Ece Bar&#8217;da ailesi ve dostlar\u0131yla e\u011flenen Sezen Aksu, tats\u0131z bir olay ya\u015fad\u0131. Asmal\u0131mescit&#8217;teki Ece Bar&#8217;da olduk\u00e7a keyifli bir ak\u015fam ge\u00e7iren Sezen Aksu, bir ara mekan\u0131n d\u0131\u015f\u0131na \u00e7\u0131karak sigara i\u00e7ti.<\/h2>\n<p>O s\u0131rada hayranlar\u0131yla foto\u011fraf \u00e7ektiren ve gazetecilerle sohbet eden Sezen Aksu &#8216;nun keyfi yerindeydi.<\/p>\n<p>\u00c7\u0131k\u0131\u015fta ise Ay\u015fe isimli zihinsel engelli gen\u00e7 bir kad\u0131n Sezen Aksu &#8216;ya bir anda sald\u0131rd\u0131. Aksu &#8216;dan para isteyen ve \u00e7\u0131\u011fl\u0131klar atan kad\u0131n\u0131n daha \u00f6nce de Hakan Y\u0131lmaz&#8217;a sald\u0131ran kad\u0131n oldu\u011fu \u00f6\u011frenildi.<\/p>\n<p>Sald\u0131r\u0131n\u0131n ard\u0131ndan Aksu &#8216;nun dostlar\u0131 an\u0131nda olaya m\u00fcdahale etti ve ya\u015fananlar\u0131n b\u00fcy\u00fcmesini engelledi. Ay\u015fe adl\u0131 kad\u0131n\u0131n \u00e7\u0131\u011fl\u0131klar\u0131 Asmal\u0131mescit&#8217;i inletirken Aksu&#8217;nun morali bu olay y\u00fcz\u00fcnden bir hayli bozuldu.<\/p>\n<p>Aksu&#8217;nun arkada\u015flar\u0131 durumu kontrol alt\u0131na almaya \u00e7al\u0131\u015fsa da gen\u00e7 kad\u0131n a\u011fza al\u0131nmayacak k\u00fcf\u00fcrler ya\u011fd\u0131rmaya ba\u015flad\u0131. Aksu&#8217;nun arac\u0131 hareket edince araban\u0131n \u00f6n\u00fcn\u00fc kesmek i\u00e7in kestirmeden giden kad\u0131n, Pera Palas Hotel&#8217;in \u00f6n\u00fcnde arac\u0131 yakalad\u0131. Aksu bu olan olaylar\u0131 hayretler i\u00e7inde izlerken, \u015fof\u00f6r\u00fc arac\u0131l\u0131\u011f\u0131yla gen\u00e7 kad\u0131na 100 TL verdi. Paray\u0131 alan kad\u0131n uzakla\u015f\u0131nca, Aksu da yoluna devam edebildi.<\/p>\n<!-- Error, Advert is not available at this time due to schedule\/geolocation restrictions! -->\n","protected":false},"excerpt":{"rendered":"<p>Sezen Aksu &#8216;ya sald\u0131r\u0131. Ece Bar&#8217;da ailesi ve dostlar\u0131yla e\u011flenen Sezen Aksu, tats\u0131z bir olay ya\u015fad\u0131. <\/p>\n","protected":false},"author":3,"featured_media":186011,"comment_status":"open","ping_status":"open","sticky":false,"template":"","format":"standard","meta":{"_acf_changed":false,"footnotes":""},"categories":[6232,5005,6805],"tags":[89168,843],"class_list":["post-93193","post","type-post","status-publish","format-standard","has-post-thumbnail","hentry","category-magazin","category-manset","category-turkiye","tag-hakan-yilmaz","tag-sezen-aksu"],"acf":[],"_links":{"self":[{"href":"https:\/\/www.nationalturk.com\/tr\/wp-json\/wp\/v2\/posts\/93193","targetHints":{"allow":["GET"]}}],"collection":[{"href":"https:\/\/www.nationalturk.com\/tr\/wp-json\/wp\/v2\/posts"}],"about":[{"href":"https:\/\/www.nationalturk.com\/tr\/wp-json\/wp\/v2\/types\/post"}],"author":[{"embeddable":true,"href":"https:\/\/www.nationalturk.com\/tr\/wp-json\/wp\/v2\/users\/3"}],"replies":[{"embeddable":true,"href":"https:\/\/www.nationalturk.com\/tr\/wp-json\/wp\/v2\/comments?post=93193"}],"version-history":[{"count":0,"href":"https:\/\/www.nationalturk.com\/tr\/wp-json\/wp\/v2\/posts\/93193\/revisions"}],"wp:featuredmedia":[{"embeddable":true,"href":"https:\/\/www.nationalturk.com\/tr\/wp-json\/wp\/v2\/media\/186011"}],"wp:attachment":[{"href":"https:\/\/www.nationalturk.com\/tr\/wp-json\/wp\/v2\/media?parent=93193"}],"wp:term":[{"taxonomy":"category","embeddable":true,"href":"https:\/\/www.nationalturk.com\/tr\/wp-json\/wp\/v2\/categories?post=93193"},{"taxonomy":"post_tag","embeddable":true,"href":"https:\/\/www.nationalturk.com\/tr\/wp-json\/wp\/v2\/tags?post=93193"}],"curies":[{"name":"wp","href":"https:\/\/api.w.org\/{rel}","templated":true}]}}