{"id":93429,"date":"2012-01-03T14:13:53","date_gmt":"2012-01-03T12:13:53","guid":{"rendered":"http:\/\/www.nationalturk.com\/?p=93429"},"modified":"2024-02-06T16:07:43","modified_gmt":"2024-02-06T13:07:43","slug":"aziz-yildirim-hastaneye-kaldirildi-93429","status":"publish","type":"post","link":"https:\/\/www.nationalturk.com\/tr\/aziz-yildirim-hastaneye-kaldirildi-93429\/","title":{"rendered":"Aziz Y\u0131ld\u0131r\u0131m hastaneye kald\u0131r\u0131ld\u0131"},"content":{"rendered":"<h1><img loading=\"lazy\" decoding=\"async\" class=\"alignleft size-medium wp-image-93430\" title=\"Aziz Y\u0131ld\u0131r\u0131m\" src=\"http:\/\/www.nationalturk.com\/tr\/wp-content\/uploads\/2012\/01\/aziz_yildirim_emniyet_koridor-280x145.jpg\" alt=\"\" width=\"280\" height=\"145\" srcset=\"https:\/\/www.nationalturk.com\/tr\/wp-content\/uploads\/2012\/01\/aziz_yildirim_emniyet_koridor-280x145.jpg 280w, https:\/\/www.nationalturk.com\/tr\/wp-content\/uploads\/2012\/01\/aziz_yildirim_emniyet_koridor.jpeg 566w\" sizes=\"auto, (max-width: 280px) 100vw, 280px\" \/>Aziz Y\u0131ld\u0131r\u0131m hastaneye kald\u0131r\u0131ld\u0131! \u015eike soru\u015fturmas\u0131 kapsam\u0131nda tutuklanan ve Metris cezaevinde bulunan Fenerbah\u00e7e Ba\u015fkan\u0131 Aziz Y\u0131ld\u0131r\u0131m rahats\u0131zl\u0131\u011f\u0131 nedeniyle hastaneye kald\u0131r\u0131ld\u0131.<\/h1>\n<p>Al\u0131nan bilgilere g\u00f6re Fenerbah\u00e7e Ba\u015fkan\u0131 Aziz Y\u0131ld\u0131r\u0131m ve Sivaspor Ba\u015fkan\u0131 Mecnun Odyakmaz, rahats\u0131zl\u0131klar\u0131 sebebiyle Haseki E\u011fitim ve Ara\u015ft\u0131rma Hastanesi\u2019ne kald\u0131r\u0131ld\u0131. Aziz Y\u0131ld\u0131r\u0131m&#8217;\u0131n \u015feker ve tansiyon \u015fikayeti nedeniyle, Mecnun Odyakmaz&#8217;\u0131n ise elindeki sorun nedeniyle hastaneye g\u00f6t\u00fcr\u00fcld\u00fc\u011f\u00fc \u00f6\u011frenildi.\u00a0Cezaevi arac\u0131 ile getirilen Y\u0131ld\u0131r\u0131m ve Odyakmaz\u2019\u0131n yap\u0131lan tetkiklerin ard\u0131ndan cezaevine geri g\u00f6t\u00fcr\u00fcld\u00fckleri \u00f6\u011frenildi.<\/p>\n<!-- Error, Advert is not available at this time due to schedule\/geolocation restrictions! -->\n","protected":false},"excerpt":{"rendered":"<p>Aziz Y\u0131ld\u0131r\u0131m hastaneye kald\u0131r\u0131ld\u0131! \u015eike soru\u015fturmas\u0131 kapsam\u0131nda tutuklanan ve Metris cezaevinde bulunan Fenerbah\u00e7e Ba\u015fkan\u0131 Aziz Y\u0131ld\u0131r\u0131m rahats\u0131zl\u0131\u011f\u0131 nedeniyle hastaneye kald\u0131r\u0131ld\u0131. <\/p>\n","protected":false},"author":4,"featured_media":185967,"comment_status":"open","ping_status":"open","sticky":false,"template":"","format":"standard","meta":{"_acf_changed":false,"footnotes":""},"categories":[6774,6155,5005,220906,349,6194],"tags":[74680,74519,849,21483,19436,7807],"class_list":["post-93429","post","type-post","status-publish","format-standard","has-post-thumbnail","hentry","category-futbol","category-gundem","category-manset","category-sikeli-maclar","category-son-dakika","category-spor","tag-aziz-yildirim-hastane","tag-aziz-yildirim-hastaneye-kaldirildi","tag-fenerbahce","tag-sike","tag-sike-sorusturmasi","tag-sivasspor"],"acf":[],"_links":{"self":[{"href":"https:\/\/www.nationalturk.com\/tr\/wp-json\/wp\/v2\/posts\/93429","targetHints":{"allow":["GET"]}}],"collection":[{"href":"https:\/\/www.nationalturk.com\/tr\/wp-json\/wp\/v2\/posts"}],"about":[{"href":"https:\/\/www.nationalturk.com\/tr\/wp-json\/wp\/v2\/types\/post"}],"author":[{"embeddable":true,"href":"https:\/\/www.nationalturk.com\/tr\/wp-json\/wp\/v2\/users\/4"}],"replies":[{"embeddable":true,"href":"https:\/\/www.nationalturk.com\/tr\/wp-json\/wp\/v2\/comments?post=93429"}],"version-history":[{"count":0,"href":"https:\/\/www.nationalturk.com\/tr\/wp-json\/wp\/v2\/posts\/93429\/revisions"}],"wp:featuredmedia":[{"embeddable":true,"href":"https:\/\/www.nationalturk.com\/tr\/wp-json\/wp\/v2\/media\/185967"}],"wp:attachment":[{"href":"https:\/\/www.nationalturk.com\/tr\/wp-json\/wp\/v2\/media?parent=93429"}],"wp:term":[{"taxonomy":"category","embeddable":true,"href":"https:\/\/www.nationalturk.com\/tr\/wp-json\/wp\/v2\/categories?post=93429"},{"taxonomy":"post_tag","embeddable":true,"href":"https:\/\/www.nationalturk.com\/tr\/wp-json\/wp\/v2\/tags?post=93429"}],"curies":[{"name":"wp","href":"https:\/\/api.w.org\/{rel}","templated":true}]}}