{"id":93879,"date":"2012-01-06T16:22:09","date_gmt":"2012-01-06T14:22:09","guid":{"rendered":"http:\/\/www.nationalturk.com\/?p=93879"},"modified":"2012-01-06T16:22:09","modified_gmt":"2012-01-06T14:22:09","slug":"mircea-lucescu-trafik-kazasi-gecirdi-lucescu-yogun-bakimda-93879","status":"publish","type":"post","link":"https:\/\/www.nationalturk.com\/tr\/mircea-lucescu-trafik-kazasi-gecirdi-lucescu-yogun-bakimda-93879\/","title":{"rendered":"Mircea Lucescu trafik kazas\u0131 ge\u00e7irdi \/ Lucescu yo\u011fun bak\u0131mda"},"content":{"rendered":"<h1><img loading=\"lazy\" decoding=\"async\" class=\"alignnone size-large wp-image-93880\" title=\"Lucescu Trafik kazas\u0131\" src=\"http:\/\/www.nationalturk.com\/tr\/wp-content\/uploads\/2012\/01\/lucescu_kaza-610x362.jpg\" alt=\"\" width=\"610\" height=\"362\" srcset=\"https:\/\/www.nationalturk.com\/tr\/wp-content\/uploads\/2012\/01\/lucescu_kaza-610x362.jpg 610w, https:\/\/www.nationalturk.com\/tr\/wp-content\/uploads\/2012\/01\/lucescu_kaza-280x166.jpg 280w, https:\/\/www.nationalturk.com\/tr\/wp-content\/uploads\/2012\/01\/lucescu_kaza.jpg 648w\" sizes=\"auto, (max-width: 610px) 100vw, 610px\" \/><\/h1>\n<h1>Mircea Lucescu trafik kazas\u0131 ge\u00e7irdi \/ Lucescu yo\u011fun bak\u0131mda&#8230; T\u00fcrkiye&#8217;de Galatasaray ve Be\u015fikta\u015f&#8217;\u0131 da \u00e7al\u0131\u015ft\u0131ran Shakhtar Donetsk Teknik Direkt\u00f6r\u00fc Mircea Lucescu \u00fclkesi Romanya&#8217;da trafik kazas\u0131 ge\u00e7irdi. Lucescu&#8217;nun durumu ciddi.<\/h1>\n<p>Shakhtar Donetsk Teknik Direkt\u00f6r\u00fc Mircea Lucescu bug\u00fcn \u00f6\u011fle saatlerinde Romanya&#8217;n\u0131n ba\u015fkenti B\u00fckre\u015f\u2019te trafik kazas\u0131 ge\u00e7irdi. Hastaneye kald\u0131r\u0131lan Lucescu&#8217;nun durumunun a\u011f\u0131r oldu\u011fu ve tedavisine yo\u011fun bak\u0131mda devam edildi\u011fi \u00f6\u011frenildi. Hastane yetkilileri tecr\u00fcbeli teknik direkt\u00f6r\u00fcn g\u00f6\u011fs\u00fcnde 4 k\u0131r\u0131k ve kanama oldu\u011funu a\u00e7\u0131klad\u0131.<\/p>\n<p>Al\u0131nan bilgilere g\u00f6re Lucescu\u00a0kar\u015f\u0131dan gelen araca \u00e7arpmamak i\u00e7in direksiyonu bir anda k\u0131rd\u0131 ve otomobilin hakimiyetini kaybederek tramvay yoluna girdi. Daha sonra Lucescu&#8217;nun kulland\u0131\u011f\u0131 araca tramvay \u00e7arpt\u0131.<\/p>\n<div class=\"a-single a-157\"><!-- nationalturk.com Bali 610x90 -->\r\n<ins data-revive-zoneid=\"412\" data-revive-ct0=\"{clickurl_enc}\" data-revive-id=\"2093837923c3e243d9d78d731533cba1\"><\/ins>\r\n<script async src=\"\/\/www.hot-affiliates.com\/ad\/www\/delivery\/asyncjs.php\"><\/script><\/div>\n<p>Lucescu kaza, Lucescu trafik kazas\u0131<\/p>\n","protected":false},"excerpt":{"rendered":"<p>Mircea Lucescu trafik kazas\u0131 ge\u00e7irdi \/ Lucescu yo\u011fun bak\u0131mda&#8230; T\u00fcrkiye&#8217;de Galatasaray ve Be\u015fikta\u015f&#8217;\u0131 da \u00e7al\u0131\u015ft\u0131ran Shakhtar Donetsk Teknik Direkt\u00f6r\u00fc Mircea Lucescu \u00fclkesi Romanya&#8217;da trafik kazas\u0131 ge\u00e7irdi. Lucescu&#8217;nun durumu ciddi.<\/p>\n","protected":false},"author":4,"featured_media":185899,"comment_status":"open","ping_status":"open","sticky":false,"template":"","format":"standard","meta":{"_acf_changed":false,"footnotes":""},"categories":[6774,5005,349,6194],"tags":[1748,4114,28868,5315],"class_list":["post-93879","post","type-post","status-publish","format-standard","has-post-thumbnail","hentry","category-futbol","category-manset","category-son-dakika","category-spor","tag-besiktas","tag-galatasaray","tag-lucescu","tag-romanya"],"acf":[],"_links":{"self":[{"href":"https:\/\/www.nationalturk.com\/tr\/wp-json\/wp\/v2\/posts\/93879","targetHints":{"allow":["GET"]}}],"collection":[{"href":"https:\/\/www.nationalturk.com\/tr\/wp-json\/wp\/v2\/posts"}],"about":[{"href":"https:\/\/www.nationalturk.com\/tr\/wp-json\/wp\/v2\/types\/post"}],"author":[{"embeddable":true,"href":"https:\/\/www.nationalturk.com\/tr\/wp-json\/wp\/v2\/users\/4"}],"replies":[{"embeddable":true,"href":"https:\/\/www.nationalturk.com\/tr\/wp-json\/wp\/v2\/comments?post=93879"}],"version-history":[{"count":0,"href":"https:\/\/www.nationalturk.com\/tr\/wp-json\/wp\/v2\/posts\/93879\/revisions"}],"wp:featuredmedia":[{"embeddable":true,"href":"https:\/\/www.nationalturk.com\/tr\/wp-json\/wp\/v2\/media\/185899"}],"wp:attachment":[{"href":"https:\/\/www.nationalturk.com\/tr\/wp-json\/wp\/v2\/media?parent=93879"}],"wp:term":[{"taxonomy":"category","embeddable":true,"href":"https:\/\/www.nationalturk.com\/tr\/wp-json\/wp\/v2\/categories?post=93879"},{"taxonomy":"post_tag","embeddable":true,"href":"https:\/\/www.nationalturk.com\/tr\/wp-json\/wp\/v2\/tags?post=93879"}],"curies":[{"name":"wp","href":"https:\/\/api.w.org\/{rel}","templated":true}]}}