{"id":94028,"date":"2012-01-09T10:45:22","date_gmt":"2012-01-09T08:45:22","guid":{"rendered":"http:\/\/www.nationalturk.com\/?p=94028"},"modified":"2012-01-09T10:45:22","modified_gmt":"2012-01-09T08:45:22","slug":"iran-cia-ajanini-idama-mahkum-etti-94028","status":"publish","type":"post","link":"https:\/\/www.nationalturk.com\/tr\/iran-cia-ajanini-idama-mahkum-etti-94028\/","title":{"rendered":"\u0130ran CIA ajan\u0131n\u0131 idama mahkum etti"},"content":{"rendered":"<figure id=\"attachment_94034\" aria-describedby=\"caption-attachment-94034\" style=\"width: 259px\" class=\"wp-caption alignleft\"><img loading=\"lazy\" decoding=\"async\" class=\"size-full wp-image-94034\" title=\"Amir-Mirsai-Hekmati-iran-cia-nationalturk-0344\" src=\"http:\/\/www.nationalturk.com\/tr\/wp-content\/uploads\/2012\/01\/Amir-Mirsai-Hekmati-iran-cia-nationalturk-0344.jpg\" alt=\"\u0130ran as\u0131ll\u0131 Amir Mirsai Hekmati, Cia ajan\u0131 oldu\u011funu itiraf etmi\u015fti, \u015fimdi as\u0131lmay\u0131 bekliyor. \" width=\"259\" height=\"195\" \/><figcaption id=\"caption-attachment-94034\" class=\"wp-caption-text\">\u0130ran as\u0131ll\u0131 Amir Mirsai Hekmati, Cia ajan\u0131 oldu\u011funu itiraf etmi\u015fti, \u015fimdi as\u0131lmay\u0131 bekliyor.<\/figcaption><\/figure>\n<h1>\u0130ran, topraklar\u0131nda yakalad\u0131\u011f\u0131 ve ABD i\u00e7in casusluk yapmakla su\u00e7lad\u0131\u011f\u0131 \u0130ran as\u0131ll\u0131 CIA ajan\u0131\u00a0\u00a0Amir Mirsai Hekmati &#8216;yi idama mahkum etti.<\/h1>\n<p>Tahran \/ NationalTurk &#8211; \u0130ran Devrim Mahkemesi, \u0130ran topraklar\u0131nda yakalanan ve CIA i\u00e7in casusluk yapmakla su\u00e7lanan \u0130ran as\u0131ll\u0131 ABD vatanda\u015f\u0131\u00a0\u00a0Amir Mirsai Hekmati &#8216;yi idam cezas\u0131na mahkum etti. Hekmatita as\u0131lacak ya da kafas\u0131 u\u00e7urulacak.<\/p>\n<p>&#8221; Amir Mirsai Hekmati &#8216;nin d\u00fc\u015fman bir \u00fclke ile i\u015fbirli\u011fi i\u00e7erisinde bulundu\u011fu ve CIA i\u00e7in ajanl\u0131k yapt\u0131\u011f\u0131ndan \u00f6l\u00fcm cezas\u0131na \u00e7arpt\u0131r\u0131lmas\u0131na karar verilmi\u015ftir &#8221; yaz\u0131l\u0131 duyuruyla Fars Haber Ajans\u0131 &#8216;n\u0131n da duyurdu\u011fu \u0130ran Devrim Mahkemesi&#8217;nden \u00e7\u0131kan sonucunu a\u00e7\u0131klayan \u0130ran &#8216;\u0131n ABD ile yeni bir kriz ya\u015famas\u0131 bekleniyor.<\/p>\n<!-- Error, Advert is not available at this time due to schedule\/geolocation restrictions! -->\n<!-- Error, Advert is not available at this time due to schedule\/geolocation restrictions! -->\n","protected":false},"excerpt":{"rendered":"<p>\u0130ran, topraklar\u0131nda yakalad\u0131\u011f\u0131 ve ABD i\u00e7in casusluk yapmakla su\u00e7lad\u0131\u011f\u0131 \u0130ran as\u0131ll\u0131 CIA ajan\u0131  Amir Mirsai Hekmati &#8216;yi idama mahkum etti.<\/p>\n","protected":false},"author":683,"featured_media":94034,"comment_status":"open","ping_status":"open","sticky":false,"template":"","format":"standard","meta":{"_acf_changed":false,"footnotes":""},"categories":[6768,6665,6155,5005,6772,6202,772],"tags":[16805,89868,86078,42991,85884,17393],"class_list":["post-94028","post","type-post","status-publish","format-standard","has-post-thumbnail","hentry","category-amerika","category-dunya","category-gundem","category-manset","category-ortadogu","category-politika","category-sadece-nationalturk-de","tag-abd-iran","tag-cia-abd","tag-cia-ajani","tag-iran-abd","tag-iran-cia","tag-iran-idam"],"acf":[],"_links":{"self":[{"href":"https:\/\/www.nationalturk.com\/tr\/wp-json\/wp\/v2\/posts\/94028","targetHints":{"allow":["GET"]}}],"collection":[{"href":"https:\/\/www.nationalturk.com\/tr\/wp-json\/wp\/v2\/posts"}],"about":[{"href":"https:\/\/www.nationalturk.com\/tr\/wp-json\/wp\/v2\/types\/post"}],"author":[{"embeddable":true,"href":"https:\/\/www.nationalturk.com\/tr\/wp-json\/wp\/v2\/users\/683"}],"replies":[{"embeddable":true,"href":"https:\/\/www.nationalturk.com\/tr\/wp-json\/wp\/v2\/comments?post=94028"}],"version-history":[{"count":0,"href":"https:\/\/www.nationalturk.com\/tr\/wp-json\/wp\/v2\/posts\/94028\/revisions"}],"wp:featuredmedia":[{"embeddable":true,"href":"https:\/\/www.nationalturk.com\/tr\/wp-json\/wp\/v2\/media\/94034"}],"wp:attachment":[{"href":"https:\/\/www.nationalturk.com\/tr\/wp-json\/wp\/v2\/media?parent=94028"}],"wp:term":[{"taxonomy":"category","embeddable":true,"href":"https:\/\/www.nationalturk.com\/tr\/wp-json\/wp\/v2\/categories?post=94028"},{"taxonomy":"post_tag","embeddable":true,"href":"https:\/\/www.nationalturk.com\/tr\/wp-json\/wp\/v2\/tags?post=94028"}],"curies":[{"name":"wp","href":"https:\/\/api.w.org\/{rel}","templated":true}]}}