{"id":94256,"date":"2012-01-10T16:58:29","date_gmt":"2012-01-10T14:58:29","guid":{"rendered":"http:\/\/www.nationalturk.com\/?p=94256"},"modified":"2012-01-10T16:58:29","modified_gmt":"2012-01-10T14:58:29","slug":"semdinli-davasi-sonuclandi-saniklara-39-yil-hapis-94256","status":"publish","type":"post","link":"https:\/\/www.nationalturk.com\/tr\/semdinli-davasi-sonuclandi-saniklara-39-yil-hapis-94256\/","title":{"rendered":"\u015eemdinli davas\u0131 sonu\u00e7land\u0131: San\u0131klara 39 y\u0131l hapis!"},"content":{"rendered":"<h1><img loading=\"lazy\" decoding=\"async\" class=\"alignleft size-medium wp-image-94259\" title=\"\" src=\"http:\/\/www.nationalturk.com\/tr\/wp-content\/uploads\/2012\/01\/son-dakika-dikey5-206x220.jpg\" alt=\"\" width=\"206\" height=\"220\" srcset=\"https:\/\/www.nationalturk.com\/tr\/wp-content\/uploads\/2012\/01\/son-dakika-dikey5-206x220.jpg 206w, https:\/\/www.nationalturk.com\/tr\/wp-content\/uploads\/2012\/01\/son-dakika-dikey5.jpg 300w\" sizes=\"auto, (max-width: 206px) 100vw, 206px\" \/>\u015eemdinli davas\u0131 sonu\u00e7land\u0131: San\u0131klara 39 y\u0131l hapis! 2005&#8217;te Hakkari&#8217;nin \u015eemdinli il\u00e7esinde meydana gelen patlamayla ilgili davada karar \u00e7\u0131kt\u0131.<\/h1>\n<p>Van 3. A\u011f\u0131r Ceza Mahkemesi&#8217;nde g\u00f6r\u00fclen \u015eemdinli Davas\u0131&#8217;nda, tutuklu san\u0131klar Ali Kaya, \u00d6zcan \u0130ldeniz ile PKK itiraf\u00e7\u0131s\u0131 Veysel Ate\u015f, 39 y\u0131l 10 ay 27&#8217;\u015fer g\u00fcn hapis cezas\u0131na \u00e7apt\u0131r\u0131ld\u0131.<\/p>\n<p>Mahkeme heyeti, tutuklu san\u0131klar Ali Kaya, \u00d6zcan \u0130ldeniz ve PKK itiraf\u00e7\u0131s\u0131 Veysel Ate\u015f hakk\u0131nda, &#8216;silahl\u0131 \u00f6rg\u00fcte \u00fcye olmak&#8217;, &#8216;tasarlayarak adam \u00f6ld\u00fcrmeye te\u015febb\u00fcs etmek&#8217;, &#8216;olas\u0131 kastla adam \u00f6ld\u00fcrmek&#8217; ve &#8216;olas\u0131 kastla adam yaralamak&#8217; su\u00e7lar\u0131ndan 39 y\u0131l 10 ay 27&#8217;\u015fer g\u00fcn hapis cezas\u0131 verdi.<\/p>\n<p>Saat 12:00&#8217;e ba\u015flayan duru\u015fmada mahkeme heyeti ilk olarak savc\u0131ya s\u00f6z verdi. Savc\u0131n\u0131n m\u00fctalaas\u0131n\u0131n ard\u0131ndan s\u00f6z alan avukat Murat Timur, su\u00e7un 3 san\u0131kla s\u0131n\u0131rl\u0131 olmad\u0131\u011f\u0131n\u0131 ifade ederek, &#8220;Olayla ilgili iddianameyi haz\u0131rlayan Ferhat Sar\u0131kaya olay\u0131n detaylar\u0131na inmi\u015fti. Burada karma\u015f\u0131k bir \u00f6rg\u00fct yap\u0131s\u0131 s\u00f6z konusu. Bundan \u00f6t\u00fcr\u00fc san\u0131klar etkin pi\u015fmanl\u0131ktan yararlanmay\u0131 tekrar g\u00f6zden ge\u00e7irmeliler. Ancak bundan faydalanmak istiyorlarsa \u00f6rg\u00fct\u00fcn yap\u0131s\u0131 hakk\u0131nda bildiklerini s\u00f6ylesinler&#8221; diye konu\u015ftu.<\/p>\n<p>Di\u011fer avukat Sel\u00e7uk Koza\u011fa\u00e7l\u0131 ise esas k\u00f6t\u00fc adam\u0131n Ya\u015far B\u00fcy\u00fckan\u0131t oldu\u011funu iddia ederek &#8220;Bu dosyan\u0131n \u015f\u00fcphelisidir. Genelkurmay ba\u015fkanlar\u0131 aras\u0131nda k\u00f6t\u00fc adam varsa o da \u2018Tan\u0131r\u0131m iyi \u00e7ocuktur\u2019 diyen B\u00fcy\u00fckan\u0131t\u2019t\u0131r. \u00d6rg\u00fct \u00fcyesidir. Su\u00e7, anayasal d\u00fczene kar\u015f\u0131 i\u015flenmi\u015ftir. Bu \u00f6rg\u00fct\u00fcn \u00fcst\u00fcne gidilip g\u00fcn y\u00fcz\u00fcne \u00e7\u0131kar\u0131lmal\u0131d\u0131r&#8221; dedi.<\/p>\n<p>Duru\u015fmada san\u0131k avukatlar\u0131 da esasa ili\u015fkin s\u00f6z ald\u0131. Avukat Vedat G\u00fcl\u015fen, \u201cBurada, Habur\u2019dan i\u00e7eri giren su\u00e7 \u00f6rg\u00fct\u00fc yok. TSK\u2019y\u0131 su\u00e7 \u00f6rg\u00fct\u00fc g\u00f6stermek isteyenlerin i\u015fidir. Seferi Y\u0131lmaz ma\u011fdur de\u011fil, olay\u0131n failidir. Bu san\u0131klar tuza\u011fa d\u00fc\u015f\u00fcr\u00fclm\u00fc\u015flerdir. Dosyadaki delil durumuna bakarak san\u0131klar\u0131n beraatini talep ediyoruz&#8221; ifadelerini kulland\u0131.<\/p>\n<p>Mahkeme heyeti verilen yar\u0131m saatlik aran\u0131n ard\u0131ndan karar\u0131n\u0131 a\u00e7\u0131klayarak san\u0131klar\u0131 39 y\u0131l 10 ay 27&#8217;\u015far g\u00fcn hapis cezas\u0131na \u00e7arpt\u0131rd\u0131.<\/p>\n<span style=\"font-weight: bold; color: #f00;\">Error, group does not exist! Check your syntax! (ID: 62)<\/span>\n","protected":false},"excerpt":{"rendered":"<p>\u015eemdinli davas\u0131 sonu\u00e7land\u0131: San\u0131klara 39 y\u0131l hapis! 2005&#8217;te Hakkari&#8217;nin \u015eemdinli il\u00e7esinde meydana gelen patlamayla ilgili davada karar \u00e7\u0131kt\u0131. <\/p>\n","protected":false},"author":4,"featured_media":185847,"comment_status":"open","ping_status":"open","sticky":false,"template":"","format":"standard","meta":{"_acf_changed":false,"footnotes":""},"categories":[6155,5005,6202,349,6805],"tags":[52270,11020,31363,5592,11024,76223,76221,90045],"class_list":["post-94256","post","type-post","status-publish","format-standard","has-post-thumbnail","hentry","category-gundem","category-manset","category-politika","category-son-dakika","category-turkiye","tag-ali-kaya","tag-hakkari","tag-hakkari-semdinli","tag-pkk","tag-semdinli","tag-semdinli-davasi","tag-semdinli-olaylari","tag-semdinli-patlama"],"acf":[],"_links":{"self":[{"href":"https:\/\/www.nationalturk.com\/tr\/wp-json\/wp\/v2\/posts\/94256","targetHints":{"allow":["GET"]}}],"collection":[{"href":"https:\/\/www.nationalturk.com\/tr\/wp-json\/wp\/v2\/posts"}],"about":[{"href":"https:\/\/www.nationalturk.com\/tr\/wp-json\/wp\/v2\/types\/post"}],"author":[{"embeddable":true,"href":"https:\/\/www.nationalturk.com\/tr\/wp-json\/wp\/v2\/users\/4"}],"replies":[{"embeddable":true,"href":"https:\/\/www.nationalturk.com\/tr\/wp-json\/wp\/v2\/comments?post=94256"}],"version-history":[{"count":0,"href":"https:\/\/www.nationalturk.com\/tr\/wp-json\/wp\/v2\/posts\/94256\/revisions"}],"wp:featuredmedia":[{"embeddable":true,"href":"https:\/\/www.nationalturk.com\/tr\/wp-json\/wp\/v2\/media\/185847"}],"wp:attachment":[{"href":"https:\/\/www.nationalturk.com\/tr\/wp-json\/wp\/v2\/media?parent=94256"}],"wp:term":[{"taxonomy":"category","embeddable":true,"href":"https:\/\/www.nationalturk.com\/tr\/wp-json\/wp\/v2\/categories?post=94256"},{"taxonomy":"post_tag","embeddable":true,"href":"https:\/\/www.nationalturk.com\/tr\/wp-json\/wp\/v2\/tags?post=94256"}],"curies":[{"name":"wp","href":"https:\/\/api.w.org\/{rel}","templated":true}]}}