{"id":94479,"date":"2012-01-12T13:33:38","date_gmt":"2012-01-12T11:33:38","guid":{"rendered":"http:\/\/www.nationalturk.com\/?p=94479"},"modified":"2012-01-12T13:33:38","modified_gmt":"2012-01-12T11:33:38","slug":"dirk-kuyt-galatasaray-transfer-haberleri-94479","status":"publish","type":"post","link":"https:\/\/www.nationalturk.com\/tr\/dirk-kuyt-galatasaray-transfer-haberleri-94479\/","title":{"rendered":"Dirk Kuyt iddias\u0131 \/ Galatasaray Transfer Haberleri"},"content":{"rendered":"<h1><img loading=\"lazy\" decoding=\"async\" class=\"alignleft size-medium wp-image-94480\" title=\"Dirk Kuyt\" src=\"http:\/\/www.nationalturk.com\/tr\/wp-content\/uploads\/2012\/01\/dirk_kuyt-280x175.jpg\" alt=\"\" width=\"280\" height=\"175\" srcset=\"https:\/\/www.nationalturk.com\/tr\/wp-content\/uploads\/2012\/01\/dirk_kuyt-280x175.jpg 280w, https:\/\/www.nationalturk.com\/tr\/wp-content\/uploads\/2012\/01\/dirk_kuyt.jpg 460w\" sizes=\"auto, (max-width: 280px) 100vw, 280px\" \/>Dirk Kuyt iddias\u0131 \/ Galatasaray Transfer Haberleri&#8230; \u0130ngiliz bas\u0131n\u0131, transfer \u00e7al\u0131\u015fmalar\u0131n\u0131 s\u00fcrd\u00fcren Galatasaray&#8217;\u0131n Dirk Kuyt i\u00e7in 8 milyon Sterlini g\u00f6zden \u00e7\u0131kard\u0131\u011f\u0131n\u0131 iddia etti.<\/h1>\n<p>Daily Mail gazetesinin haberine g\u00f6re Galatasaray y\u00f6netimi, Liverpool&#8217;un \u00fcnl\u00fc futbolcusu Dirk Kuyt&#8217;\u0131 transfer etmek i\u00e7in 8 milyon Sterlini g\u00f6zden \u00e7\u0131kard\u0131. Gazete, haberinde Dirk Kuyt&#8217;\u0131n formsuzlu\u011funa ve s\u00f6zle\u015fmesinin bitmesine 18 ay kalmas\u0131na dikkat \u00e7ekerek Liverpool&#8217;un 31 ya\u015f\u0131ndaki futbolcuyu iyi bir fiyata elden \u00e7\u0131karabilece\u011fini yazd\u0131.<\/p>\n<p>Utrecht&#8217;te profesyonel futbol hayat\u0131na ba\u015flayan Dirk Kuyt, 2003 y\u0131l\u0131nda Feyenord&#8217;a transfer oldu. Hollanda ekibinde 101 ma\u00e7ta 71 gol kaydeden Kuyt, 2006 y\u0131l\u0131ndan beri Liverpool formas\u0131n\u0131 giyiyor. Hollandal\u0131 golc\u00fc bu sezon Liverpool formas\u0131yla 21 ma\u00e7a \u00e7\u0131karken, sadece 1 gol kaydedebildi.<\/p>\n<!-- Error, Advert is not available at this time due to schedule\/geolocation restrictions! -->\n","protected":false},"excerpt":{"rendered":"<p>Dirk Kuyt iddias\u0131 \/ Galatasaray Transfer Haberleri&#8230; \u0130ngiliz bas\u0131n\u0131, transfer \u00e7al\u0131\u015fmalar\u0131n\u0131 s\u00fcrd\u00fcren Galatasaray&#8217;\u0131n Dirk Kuyt i\u00e7in 8 milyon Sterlini g\u00f6zden \u00e7\u0131kard\u0131\u011f\u0131n\u0131 iddia etti. <\/p>\n","protected":false},"author":4,"featured_media":185818,"comment_status":"open","ping_status":"open","sticky":false,"template":"","format":"standard","meta":{"_acf_changed":false,"footnotes":""},"categories":[6774,349,6194],"tags":[30864,4114,76859,13004,6331],"class_list":["post-94479","post","type-post","status-publish","format-standard","has-post-thumbnail","hentry","category-futbol","category-son-dakika","category-spor","tag-dirk-kuyt","tag-galatasaray","tag-galatasaray-liverpool","tag-galatasaray-transfer","tag-liverpool"],"acf":[],"_links":{"self":[{"href":"https:\/\/www.nationalturk.com\/tr\/wp-json\/wp\/v2\/posts\/94479","targetHints":{"allow":["GET"]}}],"collection":[{"href":"https:\/\/www.nationalturk.com\/tr\/wp-json\/wp\/v2\/posts"}],"about":[{"href":"https:\/\/www.nationalturk.com\/tr\/wp-json\/wp\/v2\/types\/post"}],"author":[{"embeddable":true,"href":"https:\/\/www.nationalturk.com\/tr\/wp-json\/wp\/v2\/users\/4"}],"replies":[{"embeddable":true,"href":"https:\/\/www.nationalturk.com\/tr\/wp-json\/wp\/v2\/comments?post=94479"}],"version-history":[{"count":0,"href":"https:\/\/www.nationalturk.com\/tr\/wp-json\/wp\/v2\/posts\/94479\/revisions"}],"wp:featuredmedia":[{"embeddable":true,"href":"https:\/\/www.nationalturk.com\/tr\/wp-json\/wp\/v2\/media\/185818"}],"wp:attachment":[{"href":"https:\/\/www.nationalturk.com\/tr\/wp-json\/wp\/v2\/media?parent=94479"}],"wp:term":[{"taxonomy":"category","embeddable":true,"href":"https:\/\/www.nationalturk.com\/tr\/wp-json\/wp\/v2\/categories?post=94479"},{"taxonomy":"post_tag","embeddable":true,"href":"https:\/\/www.nationalturk.com\/tr\/wp-json\/wp\/v2\/tags?post=94479"}],"curies":[{"name":"wp","href":"https:\/\/api.w.org\/{rel}","templated":true}]}}