{"id":94622,"date":"2012-01-13T14:42:54","date_gmt":"2012-01-13T12:42:54","guid":{"rendered":"http:\/\/www.nationalturk.com\/?p=94622"},"modified":"2012-01-13T14:42:54","modified_gmt":"2012-01-13T12:42:54","slug":"leyla-zana-ilk-aciklamasini-yapti-kck-operasyonu-94622","status":"publish","type":"post","link":"https:\/\/www.nationalturk.com\/tr\/leyla-zana-ilk-aciklamasini-yapti-kck-operasyonu-94622\/","title":{"rendered":"Leyla Zana ilk a\u00e7\u0131klamas\u0131n\u0131 yapt\u0131 \/ KCK operasyonu"},"content":{"rendered":"<h1><img loading=\"lazy\" decoding=\"async\" class=\"alignleft size-medium wp-image-94624\" title=\"Leyla Zana\" src=\"http:\/\/www.nationalturk.com\/tr\/wp-content\/uploads\/2012\/01\/leyla____zana-e1326458535870-280x185.jpg\" alt=\"\" width=\"280\" height=\"185\" srcset=\"https:\/\/www.nationalturk.com\/tr\/wp-content\/uploads\/2012\/01\/leyla____zana-e1326458535870-280x185.jpg 280w, https:\/\/www.nationalturk.com\/tr\/wp-content\/uploads\/2012\/01\/leyla____zana-e1326458535870.jpg 425w\" sizes=\"auto, (max-width: 280px) 100vw, 280px\" \/>Leyla Zana ilk a\u00e7\u0131klamas\u0131n\u0131 yapt\u0131\u00a0\/ KCK operasyonu&#8230;\u00a0Bug\u00fcn d\u00fczenlenen KCK operasyonlar\u0131 kapsam\u0131nda evinin aranmas\u0131n\u0131n ard\u0131ndan sert a\u00e7\u0131klamalar yapt\u0131.<\/h1>\n<p>Br\u00fcksel&#8217;e hareketi \u00f6ncesi Atat\u00fcrk Havaliman\u0131&#8217;nda gazetecilerin sorular\u0131n\u0131 yan\u0131tlayan BDP Diyarbak\u0131r Milletvekili Leyla Zana, \u00a0o\u011flunun askerlik problemiyle ilgili Br\u00fcksel\u2019e gitmek \u00fczereyken evine operasyon yap\u0131ld\u0131\u011f\u0131 haberini ald\u0131\u011f\u0131n\u0131 belirterek &#8220;Sanki bu \u00fclkede ka\u00e7ak pozisyondaym\u0131\u015f\u0131z, halk\u0131n se\u00e7ti\u011fi insanlar de\u011filmi\u015fiz gibi bir uygulama ile sabaha kar\u015f\u0131 kom\u015fular\u0131 rahats\u0131z ederek, kap\u0131lar\u0131 k\u0131rarak i\u00e7eri giriyorlar. Biz 12 Eyl\u00fcl\u2019\u00fc ya\u015fam\u0131\u015f insanlar\u0131z. Bize hi\u00e7bir \u015fey s\u00fcrpriz olmaz. Hi\u00e7 kimse bilgi vermedi. Bu sabah 6.30&#8217;da uyand\u0131m. B\u00f6yle bir \u015fey olmu\u015f. Kolay gelsin kendilerine diyoruz&#8221; ifadelerini kulland\u0131.<\/p>\n<p>Leyla Zana, bu uygulamalar\u0131n toplumu daha \u00e7ok ayr\u0131\u015ft\u0131rd\u0131\u011f\u0131n\u0131 dile getirerek &#8220;Demokratik zemine olan inan\u00e7t\u0131r bizi Ankara da tutan. \u0130n\u015fallah demokratik zemini daha fazla dinamitlemezler. Ancak bunu s\u00f6yleyebilirim&#8221; diye konu\u015ftu.<\/p>\n<p><strong>G\u00fcn i\u00e7inde ya\u015fananlar<\/strong><\/p>\n<p>KCK operasyonu: BDP \u0130stanbul binas\u0131 aran\u0131yor&#8230; \u0130stanbul ve baz\u0131 illerde d\u00fczenlenen KCK operasyonlar\u0131nda en az 15 ki\u015fi g\u00f6zalt\u0131na al\u0131nd\u0131. BDP \u0130stanbul \u0130l Binas\u0131nda arama yap\u0131l\u0131yor.<\/p>\n<p>Ter\u00f6rle M\u00fccadele \u015eube M\u00fcd\u00fcrl\u00fc\u011f\u00fc taraf\u0131ndan Anadolu&#8217;daki baz\u0131 iller ve \u0130stanbul&#8217;da y\u00fcr\u00fct\u00fclen ter\u00f6r \u00f6rg\u00fct\u00fc KCK operasyonunda, \u0130stanbul\u2019da 15 ki\u015fi g\u00f6zalt\u0131na al\u0131nd\u0131.<\/p>\n<p>Bar\u0131\u015f ve Demokrasi Partisi (BDP) \u0130stanbul \u0130l Ba\u015fkanl\u0131\u011f\u0131\u2019nda polis ekipleri arama yap\u0131yor. Araman\u0131n, ter\u00f6r \u00f6rg\u00fct\u00fc KCK\u2019ya y\u00f6nelik ger\u00e7ekle\u015ftirilen operasyon kapsam\u0131nda ger\u00e7ekle\u015ftirildi\u011fi \u00f6\u011frenildi. Sabah saatlerinde il binas\u0131na gelen polis, binada arama yapmaya ba\u015flad\u0131. \u00c7evik kuvvet polisleri de bina \u00f6n\u00fcnde ve sokakta \u00f6nlem ald\u0131.<\/p>\n<p><strong>Leyla Zana&#8217;n\u0131n evi aran\u0131yor<\/strong><\/p>\n<p>BDP&#8217;li vekil Leyla Zana&#8217;n\u0131n Ankara&#8217;daki evinde de arama yap\u0131l\u0131yor. Zana&#8217;n\u0131n kald\u0131\u011f\u0131 ev eski DEP Milletvekili Orhan Do\u011fan&#8217;a ait. Leyla Zana Diyarbak\u0131r&#8217;da oldu\u011fu i\u00e7in evin kap\u0131s\u0131 \u00e7ilingir yard\u0131m\u0131yla a\u00e7\u0131ld\u0131. Bu arada evi aranan bir di\u011fer isim ise eski BDP&#8217;li vekil Fatma Kurtulan.<\/p>\n<p>Diyarbak\u0131r Milletvekili Leyla Zana, son olarak Frankfurt\u2019ta yapt\u0131\u011f\u0131 a\u00e7\u0131klamalar\u0131 ile tart\u0131\u015fma yaratm\u0131\u015ft\u0131. Zana 9 Ocak&#8217;ta &#8220;Art\u0131k silahl\u0131 m\u00fccadele bir noktaya geldi. Ben silahlar\u0131n b\u0131rak\u0131lmas\u0131n\u0131 asla tart\u0131\u015fm\u0131yorum. O K\u00fcrtlerin sigortas\u0131d\u0131r. Bu sorun var oldu\u011fu m\u00fcddet\u00e7e o silahlar K\u00fcrtlerin g\u00fcvencesidir&#8221; demi\u015fti. Zana&#8217;n\u0131n bu a\u00e7\u0131klamalar\u0131 \u00e7ok ele\u015ftirilmi\u015fti.<\/p>\n<p><strong>KESK&#8217;te arama<\/strong><\/p>\n<p>Ankara&#8217;da Ter\u00f6rle M\u00fccadele \u015eube M\u00fcd\u00fcrl\u00fc\u011f\u00fc ekipleri, KCK operasyonu kapsam\u0131nda Kamu Emek\u00e7ileri Sendikas\u0131 Konfederasyonu (KESK)&#8217;nda arama yap\u0131yor.<\/p>\n<p><strong>BDP Mersin binas\u0131nda arama yap\u0131l\u0131yor<\/strong><\/p>\n<p>\u0130stanbul Cumhuriyet Savc\u0131l\u0131\u011f\u0131 taraf\u0131ndan y\u00fcr\u00fct\u00fclen ter\u00f6r \u00f6rg\u00fct\u00fc KCK\u2019ya y\u00f6nelik operasyon kapsam\u0131nda Mersin\u2019de bir \u00f6\u011fretmen g\u00f6z alt\u0131na al\u0131nd\u0131. Bu arada, BDP Mersin il binas\u0131na gelen Ter\u00f6rle M\u00fccadele ekipleri arama yapmaya ba\u015flad\u0131.<br \/>\nAl\u0131nan bilgiye g\u00f6re, \u0130stanbul Cumhuriyet Savc\u0131l\u0131\u011f\u0131 taraf\u0131ndan ter\u00f6r \u00f6rg\u00fct\u00fc KCK\u2019ya y\u00f6nelik yap\u0131lan operasyonda Mersin\u2019de de Ter\u00f6rle M\u00fccadele \u015eube M\u00fcd\u00fcrl\u00fc\u011f\u00fc ekipleri sabah\u0131n erken saatlerinde Mezitli \u0130l\u00e7esi Yeni Mahallede ikamet eden \u00f6\u011fretmen N.Y. g\u00f6z alt\u0131na al\u0131nd\u0131.<\/p>\n<p>\u00d6\u011fretmen, sa\u011fl\u0131k kontrol\u00fcnden ge\u00e7irildikten sonra Ter\u00f6rle M\u00fccadele \u015eubesine g\u00f6t\u00fcr\u00fcld\u00fc. Daha sonra ekipler arama yapmak i\u00e7in \u00c7ankaya Mahallesi 111 cadde \u00fczerinde bulunan Bar\u0131\u015f ve Demokrasi Partisi (BDP) il binas\u0131na geldi.<br \/>\nKap\u0131da bekleyen ekipler bir s\u00fcre i\u00e7eriye girmeyerek arama karar\u0131n\u0131 BDP \u0130l Ba\u015fkan\u0131 Musa Kulu\u2019ya telefonla bildirdi. Kulu\u2019nun gelmesi ile Ter\u00f6rle M\u00fccadele ve G\u00fcvenlik \u015eube M\u00fcd\u00fcrl\u00fc\u011f\u00fc ekipleri arama yapmak i\u00e7in ba\u015fkanla binaya girerek \u00e7al\u0131\u015fmalara ba\u015flad\u0131. \u00c7evik Kuvvet ekipleri de d\u0131\u015far\u0131da geni\u015f g\u00fcvenlik \u00f6nlemi ald\u0131. \u0130l binas\u0131ndaki arama s\u00fcr\u00fcyor.<\/p>\n<!-- Error, Advert is not available at this time due to schedule\/geolocation restrictions! -->\n","protected":false},"excerpt":{"rendered":"<p>Leyla Zana ilk a\u00e7\u0131klamas\u0131n\u0131 yapt\u0131 \/ KCK operasyonu&#8230; Bug\u00fcn d\u00fczenlenen KCK operasyonlar\u0131 kapsam\u0131nda evinin aranmas\u0131n\u0131n ard\u0131ndan sert a\u00e7\u0131klamalar yapt\u0131.<\/p>\n","protected":false},"author":4,"featured_media":185803,"comment_status":"open","ping_status":"open","sticky":false,"template":"","format":"standard","meta":{"_acf_changed":false,"footnotes":""},"categories":[6155,5005,6202,349,6805],"tags":[11498,90328,90329,1011,90330,81927,81928,33893,70859,12428,11200],"class_list":["post-94622","post","type-post","status-publish","format-standard","has-post-thumbnail","hentry","category-gundem","category-manset","category-politika","category-son-dakika","category-turkiye","tag-bdp","tag-bdp-arama","tag-bdp-istanbul-arama","tag-istanbul","tag-istanbul-bdp-operasyon","tag-istanbul-kck","tag-istanbul-kck-operasyonu","tag-kck","tag-kck-operasyonlari","tag-kck-operasyonu","tag-leyla-zana"],"acf":[],"_links":{"self":[{"href":"https:\/\/www.nationalturk.com\/tr\/wp-json\/wp\/v2\/posts\/94622","targetHints":{"allow":["GET"]}}],"collection":[{"href":"https:\/\/www.nationalturk.com\/tr\/wp-json\/wp\/v2\/posts"}],"about":[{"href":"https:\/\/www.nationalturk.com\/tr\/wp-json\/wp\/v2\/types\/post"}],"author":[{"embeddable":true,"href":"https:\/\/www.nationalturk.com\/tr\/wp-json\/wp\/v2\/users\/4"}],"replies":[{"embeddable":true,"href":"https:\/\/www.nationalturk.com\/tr\/wp-json\/wp\/v2\/comments?post=94622"}],"version-history":[{"count":0,"href":"https:\/\/www.nationalturk.com\/tr\/wp-json\/wp\/v2\/posts\/94622\/revisions"}],"wp:featuredmedia":[{"embeddable":true,"href":"https:\/\/www.nationalturk.com\/tr\/wp-json\/wp\/v2\/media\/185803"}],"wp:attachment":[{"href":"https:\/\/www.nationalturk.com\/tr\/wp-json\/wp\/v2\/media?parent=94622"}],"wp:term":[{"taxonomy":"category","embeddable":true,"href":"https:\/\/www.nationalturk.com\/tr\/wp-json\/wp\/v2\/categories?post=94622"},{"taxonomy":"post_tag","embeddable":true,"href":"https:\/\/www.nationalturk.com\/tr\/wp-json\/wp\/v2\/tags?post=94622"}],"curies":[{"name":"wp","href":"https:\/\/api.w.org\/{rel}","templated":true}]}}