{"id":95223,"date":"2012-01-19T15:03:15","date_gmt":"2012-01-19T13:03:15","guid":{"rendered":"http:\/\/www.nationalturk.com\/?p=95223"},"modified":"2012-01-19T15:03:15","modified_gmt":"2012-01-19T13:03:15","slug":"hrant-dink-icin-olmayan-deliller-95223","status":"publish","type":"post","link":"https:\/\/www.nationalturk.com\/tr\/hrant-dink-icin-olmayan-deliller-95223\/","title":{"rendered":"Hrant Dink i\u00e7in olmayan deliller"},"content":{"rendered":"<h1><img loading=\"lazy\" decoding=\"async\" class=\"alignleft size-large wp-image-95225\" title=\"Hrant Dink\" src=\"http:\/\/www.nationalturk.com\/tr\/wp-content\/uploads\/2012\/01\/hrant_dink_burada_olduruldu1-298x400.jpg\" alt=\"\" width=\"298\" height=\"400\" srcset=\"https:\/\/www.nationalturk.com\/tr\/wp-content\/uploads\/2012\/01\/hrant_dink_burada_olduruldu1-298x400.jpg 298w, https:\/\/www.nationalturk.com\/tr\/wp-content\/uploads\/2012\/01\/hrant_dink_burada_olduruldu1-164x220.jpg 164w, https:\/\/www.nationalturk.com\/tr\/wp-content\/uploads\/2012\/01\/hrant_dink_burada_olduruldu1.jpg 448w\" sizes=\"auto, (max-width: 298px) 100vw, 298px\" \/>Hrant Dink i\u00e7in olmayan deliller \/\u00a0Delil s\u00f6zl\u00fcklerde insan\u0131 ger\u00e7e\u011fe ula\u015ft\u0131rabilecek iz, emare olarak tan\u0131mlanabiliyor. Hukuk \u00f6zellikle ceza hukuku nesnel olmak i\u00e7in delile dayanmak zorunda. Hukukun varl\u0131k nedeni zaten iddialar\u0131n delile dayand\u0131r\u0131lmas\u0131 zorunlulu\u011fu.<\/h1>\n<p>Bir yerde hukuk olup olmad\u0131\u011f\u0131n\u0131 anlamak i\u00e7in cezalar\u0131n delile dayand\u0131r\u0131l\u0131p dayand\u0131r\u0131lmad\u0131\u011f\u0131n\u0131 anlamak gerekmektedir.<br \/>\n\u00dclkemiz \u00f6zelinde \u00e7ok g\u00fcndem yaratan davalara bakarak ne kadar evrensel ilkelere uygun bir hukukumuz oldu\u011fu hakk\u0131nda fikir y\u00fcr\u00fctebiliriz.<\/p>\n<p>\u00dclkede en \u00e7ok ses getiren davalar Ergenekon, Balyoz, \u0130nternet And\u0131c\u0131.<\/p>\n<p>Bu davalarda h\u00fck\u00fcmeti y\u0131kmak \u00fczere olu\u015fturulmu\u015f, ses getirecek eylemler yaparak \u00fclkede kaos \u00e7\u0131karan \u00f6rg\u00fctlerin varl\u0131\u011f\u0131 iddia olunuyor. Onlarca hatta belki y\u00fczlerce asker, gazeteci tutuklu olarak y\u0131llard\u0131r dikkatinizi \u00e7ekmek isterim y\u0131llard\u0131r tutuklu bulunuyor. Hatta baz\u0131lar\u0131n\u0131 milletvekili se\u00e7ilmek dahi kurtaram\u0131yor. Soru\u015fturmalar mahkemelerde uzad\u0131k\u00e7a uzuyor. Delilleri karartma \u015f\u00fcphesi en ge\u00e7erli neden tutukluluklarda. Ancak y\u0131llar ge\u00e7tik\u00e7e delil bulunam\u0131yor. Zaten delil bulmak i\u00e7in ne yap\u0131ld\u0131\u011f\u0131 da bilinmiyor.<\/p>\n<p>\u00d6rne\u011fin milletvekili se\u00e7ilen Mustafa Balbay, Mehmet Haberal ve Engin Alan\u2019\u0131n tutukluluk hallerinin devam\u0131nda da delilleri karartma \u015f\u00fcphesi gerek\u00e7e. Ancak ne aran\u0131yor, nas\u0131l nerede delil aran\u0131yor bilen yok. Kald\u0131 ki tutuklamaya gerek\u00e7e g\u00f6sterilen delillerde nas\u0131l su\u00e7 vasf\u0131 olu\u015fturdu\u011fu m\u00fcphem telefon dinlemeleri, varl\u0131\u011f\u0131 inkar edilen ya da oradan buradan d\u00fczensiz olarak derlenmi\u015f el yazmalar\u0131, ki\u015fisel notlar.<\/p>\n<p>\u00dclkenin eski genelkurmay ba\u015fkanlar\u0131 ter\u00f6r \u00f6rg\u00fct\u00fc kurmak ve y\u00f6netmekle su\u00e7lan\u0131rlarken bu ter\u00f6r \u00f6rg\u00fct\u00fcn\u00fcn hangi ter\u00f6rist faaliyetleri kimler eliyle g\u00f6rd\u00fc\u011f\u00fc anla\u015f\u0131lm\u0131yor. Bu anla\u015f\u0131lmayan ve \u00fcyeleri belli olmayan \u00f6rg\u00fct\u00fcn ba\u015fkan\u0131 olarak eski genelkurmay ba\u015fkan\u0131 tutuklan\u0131yor. YA da bir ba\u015fka davada \u00f6rg\u00fct y\u00f6neticisi olarak g\u00f6r\u00fclen bir eski asker de bir tutuklan\u0131yor bir sal\u0131n\u0131yor sonra ne oluyorsa dosyas\u0131na yeni bir evrak girmeden yine tutuklan\u0131yor.<\/p>\n<p>Her \u015fey adeta Kafka\u2019n\u0131n Dava roman\u0131nda Bay K.\u2019n\u0131n ba\u015f\u0131na gelenler gibi.<\/p>\n<p>Delilden su\u00e7a gidilmesi evrensel bir hukuk ilkesi iken biz su\u00e7lu olarak g\u00f6rd\u00fc\u011f\u00fcm\u00fcze su\u00e7 isnat edip buna delil bulmaya \u00e7al\u0131\u015f\u0131yoruz.<\/p>\n<p>Hukukun siyasalla\u015fmas\u0131na; 2-3 ayda tutukluluk hali sona eren Zahit Akman\u2019la 1000 k\u00fcs\u00fcr g\u00fcnd\u00fcr \u00fcstelik son 6 ay\u0131nda milletvekili olmas\u0131na ra\u011fmen tutuklu bulunan Mustafa Balbay\u2019\u0131n kar\u015f\u0131la\u015ft\u0131r\u0131lmas\u0131ndan daha g\u00fczel bir \u00f6rnek olabilir mi? \u0130leride \u00fcniversitelerde ders olarak okutuldu\u011funda \u00f6\u011frenciler bu davalar\u0131 anlamakta g\u00fc\u00e7l\u00fck \u00e7ekecekler. Nas\u0131l biz \u015fimdi Galileo\u2019yu yarg\u0131layanlar\u0131 m\u00fcstehzi g\u00fcl\u00fc\u015flerle anlat\u0131yorsak bu devrinde \u00f6yle an\u0131msanmayaca\u011f\u0131n\u0131 kim s\u00f6yleyebilir?<br \/>\nGenelkurmay Ba\u015fkan\u0131\u2019na, askerlere, gazetecilere, muhalif parti milletvekillerine gelince bulunan \u00f6rg\u00fcte y\u00f6nelik deliller Hrant Dink\u2019in katli i\u00e7in bulunam\u0131yor. Bu karar\u0131 veren hakim, Ba\u015fbakan, Bakanlar ve hatta devleti temsil etmesi gereken Cumhurba\u015fkan\u0131 bile durumdan rahats\u0131z vicdandan bahsediyorlar. Ancak Zahit Akman\u2019da oldu\u011fu gibi Yasin Hayal de de Erhan Tuncel de de \u00f6rg\u00fcte y\u00f6nelik delil bulunam\u0131yor.<\/p>\n<p>Hukuk sistemimize g\u00f6re, halen milletvekili olan Mustafa Balbay\u2019\u0131n \u00f6rg\u00fct\u00fcn(!) varl\u0131\u011f\u0131na y\u00f6nelik delilleri karartma \u015f\u00fcphesi var. Ama Hrant Dink\u2019i \u00f6ld\u00fcrenlerin \u00f6rg\u00fct oldu\u011funa dair yeterli delil yok. \u0130lker Ba\u015fbu\u011f ter\u00f6r \u00f6rg\u00fct\u00fc kurmu\u015f ve y\u00f6netmi\u015f Genelkurmay Ba\u015fkan\u0131 iken ama daha ge\u00e7en g\u00fcn maa\u015f\u0131n\u0131 TBMM\u2019den alan \u015f\u00f6for\u00fc \u00f6rg\u00fct \u00fcyeli\u011finden tutuklanan Sebahat Tuncel milletvekili se\u00e7ildi\u011finin ertesi g\u00fcn\u00fc sal\u0131veriliyor.<\/p>\n<p>Biliyor musunuz \u00f6rg\u00fct \u00fcyesi olmad\u0131klar\u0131 i\u00e7in Yasin Hayal ve Og\u00fcn Samast \u00f6n\u00fcm\u00fczdeki hafta serbest kalacaklar. Avukatlar\u0131n\u0131n 5 y\u0131ll\u0131k tutukluluk s\u00fcresi doldu\u011fu i\u00e7in dilek\u00e7elerini haz\u0131rlad\u0131klar\u0131 ve t\u0131pk\u0131 domuz ba\u011fc\u0131 Hizbullah\u00e7\u0131lar gibi Yasin Hayal ve Og\u00fcn Samast\u2019\u0131n da sal\u0131verilece\u011fini nas\u0131l anlataca\u011f\u0131z hukuk \u00f6\u011frencilerine?<\/p>\n<p>Delil hukukun temelidir. Hukuk bir g\u00fcn herkese laz\u0131m olacakt\u0131r ve kendinize yonttu\u011funuz hukuk adeta bir bumerang gibi gelip size \u00e7arpacakt\u0131r bir g\u00fcn.<\/p>\n<p><strong>Erdem ASYALI \/ NationalTurk<\/strong><\/p>\n<!-- Error, Advert is not available at this time due to schedule\/geolocation restrictions! -->\n","protected":false},"excerpt":{"rendered":"<p>Hrant Dink i\u00e7in olmayan deliller \/ Delil s\u00f6zl\u00fcklerde insan\u0131 ger\u00e7e\u011fe ula\u015ft\u0131rabilecek iz, emare olarak tan\u0131mlanabiliyor. Hukuk \u00f6zellikle ceza hukuku nesnel olmak i\u00e7in delile dayanmak zorunda. Hukukun varl\u0131k nedeni zaten iddialar\u0131n delile dayand\u0131r\u0131lmas\u0131 zorunlulu\u011fu.<\/p>\n","protected":false},"author":4,"featured_media":185732,"comment_status":"open","ping_status":"open","sticky":false,"template":"","format":"standard","meta":{"_acf_changed":false,"footnotes":""},"categories":[6155,26554,5005,6805],"tags":[14378,8071,36862,90869,14075,14076,38206,18637,15467,18638,45975,51117],"class_list":["post-95223","post","type-post","status-publish","format-standard","has-post-thumbnail","hentry","category-gundem","category-haftanin-yorumu","category-manset","category-turkiye","tag-balyoz","tag-ergenekon","tag-erhan-tuncel","tag-erhan-tuncel-tahliye","tag-hrant-dink","tag-hrant-dink-cinayeti","tag-internet-andici","tag-mustafa-balbay","tag-ogun-samast","tag-tuncay-ozkan","tag-yasin-hayal","tag-zahit-akman"],"acf":[],"_links":{"self":[{"href":"https:\/\/www.nationalturk.com\/tr\/wp-json\/wp\/v2\/posts\/95223","targetHints":{"allow":["GET"]}}],"collection":[{"href":"https:\/\/www.nationalturk.com\/tr\/wp-json\/wp\/v2\/posts"}],"about":[{"href":"https:\/\/www.nationalturk.com\/tr\/wp-json\/wp\/v2\/types\/post"}],"author":[{"embeddable":true,"href":"https:\/\/www.nationalturk.com\/tr\/wp-json\/wp\/v2\/users\/4"}],"replies":[{"embeddable":true,"href":"https:\/\/www.nationalturk.com\/tr\/wp-json\/wp\/v2\/comments?post=95223"}],"version-history":[{"count":0,"href":"https:\/\/www.nationalturk.com\/tr\/wp-json\/wp\/v2\/posts\/95223\/revisions"}],"wp:featuredmedia":[{"embeddable":true,"href":"https:\/\/www.nationalturk.com\/tr\/wp-json\/wp\/v2\/media\/185732"}],"wp:attachment":[{"href":"https:\/\/www.nationalturk.com\/tr\/wp-json\/wp\/v2\/media?parent=95223"}],"wp:term":[{"taxonomy":"category","embeddable":true,"href":"https:\/\/www.nationalturk.com\/tr\/wp-json\/wp\/v2\/categories?post=95223"},{"taxonomy":"post_tag","embeddable":true,"href":"https:\/\/www.nationalturk.com\/tr\/wp-json\/wp\/v2\/tags?post=95223"}],"curies":[{"name":"wp","href":"https:\/\/api.w.org\/{rel}","templated":true}]}}