{"id":96460,"date":"2012-02-02T10:26:55","date_gmt":"2012-02-02T08:26:55","guid":{"rendered":"http:\/\/www.nationalturk.com\/?p=96460"},"modified":"2012-02-02T10:26:55","modified_gmt":"2012-02-02T08:26:55","slug":"fransada-devletin-jetini-kullanan-sarkozye-buyuk-tepki-96460","status":"publish","type":"post","link":"https:\/\/www.nationalturk.com\/tr\/fransada-devletin-jetini-kullanan-sarkozye-buyuk-tepki-96460\/","title":{"rendered":"Fransa&#8217;da devletin jetini kullanan Sarkozy&#8217;e b\u00fcy\u00fck tepki"},"content":{"rendered":"<h1><img loading=\"lazy\" decoding=\"async\" class=\"alignleft size-medium wp-image-96461\" title=\"Sarkozy\" src=\"http:\/\/www.nationalturk.com\/tr\/wp-content\/uploads\/2012\/02\/sarkozy_fransaa-e1328171099663-280x185.jpg\" alt=\"\" width=\"280\" height=\"185\" srcset=\"https:\/\/www.nationalturk.com\/tr\/wp-content\/uploads\/2012\/02\/sarkozy_fransaa-e1328171099663-280x185.jpg 280w, https:\/\/www.nationalturk.com\/tr\/wp-content\/uploads\/2012\/02\/sarkozy_fransaa-e1328171099663.jpg 348w\" sizes=\"auto, (max-width: 280px) 100vw, 280px\" \/>Fransa&#8217;da devletin jetini kullanan Sarkozy&#8217;e b\u00fcy\u00fck tepki&#8230;\u00a0Fransa Cumhurba\u015fkan\u0131 Nicolas Sarkozy, Ukrayna&#8217;da hastalanan o\u011flunu \u00fclkeye getirmek i\u00e7in devletin \u00f6zel jetini kullanmakla su\u00e7lan\u0131yor.<\/h1>\n<p>Fransa bas\u0131n\u0131nda yer alan haberlerin bir b\u00f6l\u00fcm\u00fcn\u00fc do\u011frulayan Cumhurba\u015fkanl\u0131\u011f\u0131 Saray\u0131, Sarkozy&#8217;nin makam u\u00e7a\u011f\u0131n\u0131n Ukrayna&#8217;ya gidip gelmesi i\u00e7in kendi cebinden 7 bin 600 avro \u00f6dedi\u011fini a\u00e7\u0131klad\u0131.\u00a0Falcon tipi bu t\u00fcr bir \u00f6zel u\u00e7a\u011f\u0131n 1 saatli\u011fine kiralanmas\u0131 i\u00e7in 5 bin avro \u00f6denmesi gerekti\u011fini yazan gazete, Fransa&#8217;dan kalkan ve Ukrayna&#8217;dan yolcusunu ald\u0131ktan sonra tekrar \u00fclkeye geri d\u00f6nen u\u00e7a\u011f\u0131n kira maliyetinin 40 bin avro civar\u0131nda oldu\u011funa dikkat \u00e7ekti.<\/p>\n<!-- Error, Advert is not available at this time due to schedule\/geolocation restrictions! -->\n","protected":false},"excerpt":{"rendered":"<p>Fransa&#8217;da devletin jetini kullanan Sarkozy&#8217;e b\u00fcy\u00fck tepki&#8230; Fransa Cumhurba\u015fkan\u0131 Nicolas Sarkozy, Ukrayna&#8217;da hastalanan o\u011flunu \u00fclkeye getirmek i\u00e7in devletin \u00f6zel jetini kullanmakla su\u00e7lan\u0131yor.<\/p>\n","protected":false},"author":4,"featured_media":185541,"comment_status":"open","ping_status":"open","sticky":false,"template":"","format":"standard","meta":{"_acf_changed":false,"footnotes":""},"categories":[6770,6665,6155,5005,6202],"tags":[17,7546,978,850],"class_list":["post-96460","post","type-post","status-publish","format-standard","has-post-thumbnail","hentry","category-avrupa","category-dunya","category-gundem","category-manset","category-politika","tag-fransa","tag-nicolas-sarkozy","tag-sarkozy","tag-ukrayna"],"acf":[],"_links":{"self":[{"href":"https:\/\/www.nationalturk.com\/tr\/wp-json\/wp\/v2\/posts\/96460","targetHints":{"allow":["GET"]}}],"collection":[{"href":"https:\/\/www.nationalturk.com\/tr\/wp-json\/wp\/v2\/posts"}],"about":[{"href":"https:\/\/www.nationalturk.com\/tr\/wp-json\/wp\/v2\/types\/post"}],"author":[{"embeddable":true,"href":"https:\/\/www.nationalturk.com\/tr\/wp-json\/wp\/v2\/users\/4"}],"replies":[{"embeddable":true,"href":"https:\/\/www.nationalturk.com\/tr\/wp-json\/wp\/v2\/comments?post=96460"}],"version-history":[{"count":0,"href":"https:\/\/www.nationalturk.com\/tr\/wp-json\/wp\/v2\/posts\/96460\/revisions"}],"wp:featuredmedia":[{"embeddable":true,"href":"https:\/\/www.nationalturk.com\/tr\/wp-json\/wp\/v2\/media\/185541"}],"wp:attachment":[{"href":"https:\/\/www.nationalturk.com\/tr\/wp-json\/wp\/v2\/media?parent=96460"}],"wp:term":[{"taxonomy":"category","embeddable":true,"href":"https:\/\/www.nationalturk.com\/tr\/wp-json\/wp\/v2\/categories?post=96460"},{"taxonomy":"post_tag","embeddable":true,"href":"https:\/\/www.nationalturk.com\/tr\/wp-json\/wp\/v2\/tags?post=96460"}],"curies":[{"name":"wp","href":"https:\/\/api.w.org\/{rel}","templated":true}]}}