{"id":97068,"date":"2012-02-08T09:37:30","date_gmt":"2012-02-08T07:37:30","guid":{"rendered":"http:\/\/www.nationalturk.com\/?p=97068"},"modified":"2012-02-08T09:37:30","modified_gmt":"2012-02-08T07:37:30","slug":"ekonomi-bakani-zafer-caglayan-dan-mujdeli-haber-istihadam-artacak-97068","status":"publish","type":"post","link":"https:\/\/www.nationalturk.com\/tr\/ekonomi-bakani-zafer-caglayan-dan-mujdeli-haber-istihadam-artacak-97068\/","title":{"rendered":"Ekonomi Bakan\u0131 Zafer \u00c7a\u011flayan&#8217; dan m\u00fcjdeli haber: istihdam artacak"},"content":{"rendered":"<h1><a href=\"http:\/\/www.nationalturk.com\/tr\/wp-content\/uploads\/2012\/02\/ekonomi-bakani-zafer-caglayan.jpg\"><img loading=\"lazy\" decoding=\"async\" class=\"alignleft size-medium wp-image-97070\" title=\"Ekonomi Bakan\u0131 Zafer \u00c7a\u011flayan\" src=\"http:\/\/www.nationalturk.com\/tr\/wp-content\/uploads\/2012\/02\/ekonomi-bakani-zafer-caglayan-280x210.jpg\" alt=\"\" width=\"280\" height=\"210\" srcset=\"https:\/\/www.nationalturk.com\/tr\/wp-content\/uploads\/2012\/02\/ekonomi-bakani-zafer-caglayan-280x210.jpg 280w, https:\/\/www.nationalturk.com\/tr\/wp-content\/uploads\/2012\/02\/ekonomi-bakani-zafer-caglayan.jpg 444w\" sizes=\"auto, (max-width: 280px) 100vw, 280px\" \/><\/a>Ekonomi Bakan\u0131 Zafer \u00c7a\u011flayan, i\u015fg\u00fcc\u00fc maliyetlerinin d\u00fc\u015f\u00fcr\u00fclmesi konusunda \u00e7al\u0131\u015fmalar\u0131n s\u00fcrd\u00fc\u011f\u00fcn\u00fc, bunun istihdam\u0131 art\u0131raca\u011f\u0131n\u0131 s\u00f6yledi.<\/h1>\n<p>Temaslarda bulunmak amac\u0131yla Almanya&#8217;n\u0131n ba\u015fkenti Berlin&#8217;de bulunan Ekonom\u015fi Bakan\u0131 Zafer \u00c7a\u011flayan, i\u015fg\u00fcc\u00fc maliyetinin d\u00fc\u015f\u00fcr\u00fclmesi konusunda yap\u0131lan \u00e7al\u0131\u015fmaya ili\u015fkin olarak yapt\u0131\u011f\u0131 a\u00e7\u0131klamalarda sevindirici haberler verdi.<\/p>\n<p>Bakan Zafer \u00c7a\u011flayan, i\u015fg\u00fcc\u00fc maliyetlerinin d\u00fc\u015f\u00fcr\u00fclmesi konusunda \u00e7al\u0131\u015fmalar\u0131n s\u00fcrd\u00fc\u011f\u00fcn\u00fc, \u00e7al\u0131\u015fanlar\u0131n haklar\u0131n\u0131n geri gitmeyece\u011fi bir sistem \u00fczerinde \u00e7al\u0131\u015ft\u0131klar\u0131n\u0131 belirterek, &#8221;\u00dczerinde \u00e7al\u0131\u015ft\u0131\u011f\u0131m\u0131z sistemde \u00e7al\u0131\u015fanlar\u0131n haklar\u0131n\u0131n geri gitmesi s\u00f6zkonusu de\u011fil. Fedakarl\u0131\u011f\u0131 devletin yapmas\u0131 \u00f6ng\u00f6r\u00fcl\u00fcyor. \u0130\u015fg\u00fcc\u00fc maliyetlerinin d\u00fc\u015f\u00fcr\u00fclmesiyle istihdam artacak&#8221; dedi.<\/p>\n<!-- Error, Advert is not available at this time due to schedule\/geolocation restrictions! -->\n","protected":false},"excerpt":{"rendered":"<p>Ekonomi Bakan\u0131 Zafer \u00c7a\u011flayan, i\u015fg\u00fcc\u00fc maliyetlerinin d\u00fc\u015f\u00fcr\u00fclmesi konusunda \u00e7al\u0131\u015fmalar\u0131n s\u00fcrd\u00fc\u011f\u00fcn\u00fc, bunun istihdam\u0131 art\u0131raca\u011f\u0131n\u0131 s\u00f6yledi.ek<\/p>\n","protected":false},"author":651,"featured_media":97070,"comment_status":"open","ping_status":"open","sticky":false,"template":"","format":"standard","meta":{"_acf_changed":false,"footnotes":""},"categories":[6199,6805],"tags":[57863,15266,92387,92388,4019,44477],"class_list":["post-97068","post","type-post","status-publish","format-standard","has-post-thumbnail","hentry","category-ekonomi","category-turkiye","tag-bakan-zafer-caglayan","tag-devlet-bakani-zafer-caglayan","tag-ekonomi-bakani","tag-ekonomi-bakani-zafer-caglayan","tag-zafer-caglayan","tag-zafer-caglayan-aciklamalari"],"acf":[],"_links":{"self":[{"href":"https:\/\/www.nationalturk.com\/tr\/wp-json\/wp\/v2\/posts\/97068","targetHints":{"allow":["GET"]}}],"collection":[{"href":"https:\/\/www.nationalturk.com\/tr\/wp-json\/wp\/v2\/posts"}],"about":[{"href":"https:\/\/www.nationalturk.com\/tr\/wp-json\/wp\/v2\/types\/post"}],"author":[{"embeddable":true,"href":"https:\/\/www.nationalturk.com\/tr\/wp-json\/wp\/v2\/users\/651"}],"replies":[{"embeddable":true,"href":"https:\/\/www.nationalturk.com\/tr\/wp-json\/wp\/v2\/comments?post=97068"}],"version-history":[{"count":0,"href":"https:\/\/www.nationalturk.com\/tr\/wp-json\/wp\/v2\/posts\/97068\/revisions"}],"wp:featuredmedia":[{"embeddable":true,"href":"https:\/\/www.nationalturk.com\/tr\/wp-json\/wp\/v2\/media\/97070"}],"wp:attachment":[{"href":"https:\/\/www.nationalturk.com\/tr\/wp-json\/wp\/v2\/media?parent=97068"}],"wp:term":[{"taxonomy":"category","embeddable":true,"href":"https:\/\/www.nationalturk.com\/tr\/wp-json\/wp\/v2\/categories?post=97068"},{"taxonomy":"post_tag","embeddable":true,"href":"https:\/\/www.nationalturk.com\/tr\/wp-json\/wp\/v2\/tags?post=97068"}],"curies":[{"name":"wp","href":"https:\/\/api.w.org\/{rel}","templated":true}]}}