{"id":97108,"date":"2012-02-08T12:35:41","date_gmt":"2012-02-08T10:35:41","guid":{"rendered":"http:\/\/www.nationalturk.com\/?p=97108"},"modified":"2012-02-08T12:35:41","modified_gmt":"2012-02-08T10:35:41","slug":"cem-karaca-olum-yildonumu-6934","status":"publish","type":"post","link":"https:\/\/www.nationalturk.com\/tr\/cem-karaca-olum-yildonumu-6934\/","title":{"rendered":"Cem Karaca&#8217;y\u0131 \u00f6l\u00fcm y\u0131l d\u00f6n\u00fcm\u00fcnde sayg\u0131yla an\u0131yoruz"},"content":{"rendered":"<h2><a href=\"http:\/\/www.nationalturk.com\/tr\/wp-content\/uploads\/2012\/02\/cem-karaca-olum-yildonumu.jpg\"><img loading=\"lazy\" decoding=\"async\" class=\"alignleft size-medium wp-image-97113\" title=\"Cem Karaca&#039;y\u0131 \u00f6l\u00fcm y\u0131l d\u00f6n\u00fcm\u00fcnde sayg\u0131yla an\u0131yoruz\" src=\"http:\/\/www.nationalturk.com\/tr\/wp-content\/uploads\/2012\/02\/cem-karaca-olum-yildonumu-240x220.jpg\" alt=\"\" width=\"240\" height=\"220\" srcset=\"https:\/\/www.nationalturk.com\/tr\/wp-content\/uploads\/2012\/02\/cem-karaca-olum-yildonumu-240x220.jpg 240w, https:\/\/www.nationalturk.com\/tr\/wp-content\/uploads\/2012\/02\/cem-karaca-olum-yildonumu-436x400.jpg 436w, https:\/\/www.nationalturk.com\/tr\/wp-content\/uploads\/2012\/02\/cem-karaca-olum-yildonumu.jpg 738w\" sizes=\"auto, (max-width: 240px) 100vw, 240px\" \/><\/a>Anadolu Rock&#8217;\u0131n efsane sanat\u00e7\u0131s\u0131 Cem Karaca&#8217;y\u0131 \u00f6l\u00fcm y\u0131l d\u00f6n\u00fcm\u00fcnde sayg\u0131yla an\u0131yoruz.<\/h2>\n<p>Cem Karaca, \u00f6l\u00fcm\u00fcn\u00fcn 8. y\u0131l\u0131nda T\u00fcrkiye&#8217;nin bir\u00e7ok yerinde d\u00fczenlenen etkinliklerle an\u0131l\u0131yor.<\/p>\n<p>Karaca, \u0130stanbul&#8217;da kendi ad\u0131n\u0131 ta\u015f\u0131yan Bak\u0131rk\u00f6y Cem Karaca K\u00fclt\u00fcr Merkezi&#8217;nde an\u0131lacak.<\/p>\n<p>Gecenin sunuculu\u011funu Onur K\u0131rat yaparken, geceye Emrah Karaca, Feride Karaca, Orhan Gencebay, Cahit Berkay, Erol B\u00fcy\u00fckbur\u00e7, Yavuz Bing\u00f6l, Selda Ba\u011fcan, \u0130lhami Gencer, Mahsun K\u0131rm\u0131z\u0131g\u00fcl, Kubat, K\u0131ra\u00e7, Berkant, Emre Altu\u011f, N\u00fcket Duru, Kurtalan Ekspres, Atilla Atasoy, Deniz Seki, Funda Arar, Mithat K\u00f6rler, Nil Burak, U\u011fur Dikmen, Serpil Barlas, Ayhan Yener, Mehmet Dalmaz, \u015eafak Sezer, \u00dcst\u00fcn Asutay, Mehmet Soyarslan, Semra \u00d6zal ve \u00e7ok say\u0131da sanat\u00e7\u0131n\u0131n kat\u0131lmas\u0131 bekleniyor.<\/p>\n<p>\u015eark\u0131lar\u0131nda sosyal ve politik konulara de\u011finmekten \u00e7ekinmeyen Cem Karaca&#8217;n\u0131n aralar\u0131nda Namus Belas\u0131, Resimdeki G\u00f6zya\u015flar\u0131, Tamirci \u00c7\u0131ra\u011f\u0131, \u00c7ok Yorgunum ve Rep Rep gibi bir\u00e7ok hit \u015fark\u0131s\u0131 bulunuyor.<\/p>\n<!-- Error, Advert is not available at this time due to schedule\/geolocation restrictions! -->\n","protected":false},"excerpt":{"rendered":"<p>Anadolu Rock&#8217;\u0131n efsane sanat\u00e7\u0131s\u0131 Cem Karaca&#8217;y\u0131 \u00f6l\u00fcm y\u0131l d\u00f6n\u00fcm\u00fcnde sayg\u0131yla an\u0131yoruz.<\/p>\n","protected":false},"author":3,"featured_media":97113,"comment_status":"open","ping_status":"open","sticky":false,"template":"","format":"standard","meta":{"_acf_changed":false,"footnotes":""},"categories":[6155,5005,36154,6805],"tags":[2738,10870,7023,40476,10873,1900,92436,3614,11930,16493,3535,12864,48399,2751,13395,18714,13433,58744,48401,6029],"class_list":["post-97108","post","type-post","status-publish","format-standard","has-post-thumbnail","hentry","category-gundem","category-manset","category-muzik","category-turkiye","tag-berkant","tag-cahit-berkay","tag-cem-karaca","tag-deniz-seki","tag-emrah-karaca","tag-emre-altug","tag-erol-buyukburc","tag-funda-arar","tag-kirac","tag-kubat","tag-mahsun-kirmizigul","tag-mehmet-soyarslan","tag-namus-belasi","tag-nil-burak","tag-orhan-gencebay","tag-safak-sezer","tag-selda-bagcan","tag-semra-ozal","tag-tamirci-ciragi","tag-yavuz-bingol"],"acf":[],"_links":{"self":[{"href":"https:\/\/www.nationalturk.com\/tr\/wp-json\/wp\/v2\/posts\/97108","targetHints":{"allow":["GET"]}}],"collection":[{"href":"https:\/\/www.nationalturk.com\/tr\/wp-json\/wp\/v2\/posts"}],"about":[{"href":"https:\/\/www.nationalturk.com\/tr\/wp-json\/wp\/v2\/types\/post"}],"author":[{"embeddable":true,"href":"https:\/\/www.nationalturk.com\/tr\/wp-json\/wp\/v2\/users\/3"}],"replies":[{"embeddable":true,"href":"https:\/\/www.nationalturk.com\/tr\/wp-json\/wp\/v2\/comments?post=97108"}],"version-history":[{"count":0,"href":"https:\/\/www.nationalturk.com\/tr\/wp-json\/wp\/v2\/posts\/97108\/revisions"}],"wp:featuredmedia":[{"embeddable":true,"href":"https:\/\/www.nationalturk.com\/tr\/wp-json\/wp\/v2\/media\/97113"}],"wp:attachment":[{"href":"https:\/\/www.nationalturk.com\/tr\/wp-json\/wp\/v2\/media?parent=97108"}],"wp:term":[{"taxonomy":"category","embeddable":true,"href":"https:\/\/www.nationalturk.com\/tr\/wp-json\/wp\/v2\/categories?post=97108"},{"taxonomy":"post_tag","embeddable":true,"href":"https:\/\/www.nationalturk.com\/tr\/wp-json\/wp\/v2\/tags?post=97108"}],"curies":[{"name":"wp","href":"https:\/\/api.w.org\/{rel}","templated":true}]}}