{"id":97117,"date":"2012-02-08T13:39:15","date_gmt":"2012-02-08T11:39:15","guid":{"rendered":"http:\/\/www.nationalturk.com\/?p=97117"},"modified":"2012-02-08T13:39:15","modified_gmt":"2012-02-08T11:39:15","slug":"mit-mustesari-hakan-fidan-ifadeye-cagrildi-97117","status":"publish","type":"post","link":"https:\/\/www.nationalturk.com\/tr\/mit-mustesari-hakan-fidan-ifadeye-cagrildi-97117\/","title":{"rendered":"M\u0130T M\u00fcste\u015far\u0131 Hakan Fidan ifadeye \u00e7a\u011fr\u0131ld\u0131"},"content":{"rendered":"<h1><img loading=\"lazy\" decoding=\"async\" class=\"alignleft size-medium wp-image-97118\" title=\"Hakan Fidan\" src=\"http:\/\/www.nationalturk.com\/tr\/wp-content\/uploads\/2012\/02\/hakan_fidan-280x209.jpg\" alt=\"\" width=\"280\" height=\"209\" srcset=\"https:\/\/www.nationalturk.com\/tr\/wp-content\/uploads\/2012\/02\/hakan_fidan-280x209.jpg 280w, https:\/\/www.nationalturk.com\/tr\/wp-content\/uploads\/2012\/02\/hakan_fidan.jpg 334w\" sizes=\"auto, (max-width: 280px) 100vw, 280px\" \/>M\u0130T M\u00fcste\u015far\u0131 Hakan Fidan ifadeye \u00e7a\u011fr\u0131ld\u0131&#8230;\u00a0\u00d6zel yetkili \u0130stanbul Cumhuriyet Ba\u015fsavc\u0131vekili Fikret Se\u00e7en, M\u0130T M\u00fcste\u015far\u0131 Hakan Fidan, eski M\u00fcste\u015far Emre Taner ve eski M\u00fcste\u015far Yard\u0131mc\u0131s\u0131 Afet G\u00fcne\u015f&#8217;i ifade vermek \u00fczere savc\u0131l\u0131\u011fa \u00e7a\u011f\u0131rd\u0131.<\/h1>\n<p>Fikret\u00a0Se\u00e7en, Be\u015fikta\u015f&#8217;taki \u0130stanbul Adliyesinde gazetecilere yapt\u0131\u011f\u0131 a\u00e7\u0131klamada, &#8221;\u0130stanbul Cumhuriyet Ba\u015fsavc\u0131s\u0131 Turan \u00c7olakkad\u0131&#8217;n\u0131n da bilgisi dahilinde s\u00f6yl\u00fcyorum. Medyada yer alan 3 isimle ilgili d\u00fcn itibariyle telefonla \u00e7a\u011fr\u0131 yap\u0131lm\u0131\u015ft\u0131r. Bu 3 isim, \u00f6zel yetkili \u0130stanbul Cumhuriyet Savc\u0131s\u0131 Sadrettin Sar\u0131kaya&#8217;n\u0131n y\u00fcr\u00fctt\u00fc\u011f\u00fc soru\u015fturma kapsam\u0131nda yar\u0131n ifade vermeye \u00e7a\u011fr\u0131ld\u0131&#8221; dedi.<\/p>\n<p>\u00d6zel yetkili \u0130stanbul Cumhuriyet Savc\u0131s\u0131 Sadrettin Sar\u0131kaya, Cumhuriyet Savc\u0131s\u0131 Bilal Bayraktar ile ter\u00f6r \u00f6rg\u00fct\u00fc PKK&#8217;n\u0131n \u015fehir yap\u0131lanmas\u0131 oldu\u011fu iddia edilen KCK&#8217;ya y\u00f6nelik soru\u015fturmay\u0131 y\u00fcr\u00fct\u00fcyor.\u00a0S\u00f6z konusu soru\u015fturma kapsam\u0131nda eski BDP Milletvekili Fatma Kurtulan ve eski DEHAP Genel Ba\u015fkan\u0131 Tuncer Bak\u0131rhan&#8217;\u0131n da aralar\u0131nda bulundu\u011fu 31 ki\u015fi, 17 Ocak&#8217;ta tutuklanm\u0131\u015ft\u0131.<\/p>\n<h2>B\u00fclent Ar\u0131n\u00e7 geli\u015fmeyi de\u011ferlendirdi<\/h2>\n<p>Ba\u015fbakan Yard\u0131mc\u0131s\u0131 B\u00fclent Ar\u0131n\u00e7 AA Haber Akademisi a\u00e7\u0131l\u0131\u015f dersini vermesinin ard\u0131ndan gazetecilerin sorular\u0131n\u0131 yan\u0131tlad\u0131.\u00a0Bir gazetecinin M\u0130T M\u00fcste\u015far\u0131 Hakan Fidan&#8217;\u0131n KCK soru\u015fturmas\u0131 kapsam\u0131nda ifadeye \u00e7a\u011fr\u0131ld\u0131\u011f\u0131n\u0131n a\u00e7\u0131kland\u0131\u011f\u0131n\u0131 belirtmesi ve de\u011ferlendirmesini sormas\u0131 \u00fczerine Ar\u0131n\u00e7, \u015funlar\u0131 s\u00f6yledi:<\/p>\n<p>&#8221;Yarg\u0131d\u0131r ne isterse yapar, bir \u015fey diyemeyece\u011fim. Ama benim bildi\u011fim \u015fu var; halihaz\u0131rda M\u0130T&#8217;te resmen g\u00f6revi olanlar\u0131n do\u011frudan &#8216;\u015f\u00fcpheli&#8217; s\u0131fat\u0131 ile bir ifade vermeye \u00e7a\u011fr\u0131lmas\u0131 herhalde m\u00fcmk\u00fcn de\u011fil bilebildi\u011fim kadar\u0131yla. Emekli olanlar veya g\u00f6revle ili\u015fi\u011fi kesilmi\u015f olanlar i\u00e7in m\u00fcmk\u00fcn olabilir. Ama hem Memur Yarg\u0131lama Yasas\u0131&#8217;nda hem de M\u0130T&#8217;in kendi \u00f6zel kanununda, bilebildi\u011fim kadar\u0131yla, \u00f6ncelikle ya ba\u015fbakan\u0131m\u0131z\u0131n veya bir kurulun bu konuda izin vermesi laz\u0131m. Bu izin \u015f\u00fcpheli s\u0131fat\u0131 ile \u00e7a\u011fr\u0131lmay\u0131 kaps\u0131yor mu yoksa soru\u015fturma safhas\u0131nda m\u0131d\u0131r o konuda yeterli bir bilgiye sahip de\u011filim.&#8221;<\/p>\n<!-- Error, Advert is not available at this time due to schedule\/geolocation restrictions! -->\n","protected":false},"excerpt":{"rendered":"<p>M\u0130T M\u00fcste\u015far\u0131 Hakan Fidan ifadeye \u00e7a\u011fr\u0131ld\u0131&#8230; \u00d6zel yetkili \u0130stanbul Cumhuriyet Ba\u015fsavc\u0131vekili Fikret Se\u00e7en, M\u0130T M\u00fcste\u015far\u0131 Hakan Fidan, eski M\u00fcste\u015far Emre Taner ve eski M\u00fcste\u015far Yard\u0131mc\u0131s\u0131 Afet G\u00fcne\u015f&#8217;i ifade vermek \u00fczere savc\u0131l\u0131\u011fa \u00e7a\u011f\u0131rd\u0131.<\/p>\n","protected":false},"author":4,"featured_media":185446,"comment_status":"open","ping_status":"open","sticky":false,"template":"","format":"standard","meta":{"_acf_changed":false,"footnotes":""},"categories":[6155,5005,6202,349,6805],"tags":[92448,60846,50531,27155,92449,8076,92447],"class_list":["post-97117","post","type-post","status-publish","format-standard","has-post-thumbnail","hentry","category-gundem","category-manset","category-politika","category-son-dakika","category-turkiye","tag-afet-gunes","tag-bulent-arinc-aciklama","tag-fikret-secen","tag-hakan-fidan","tag-hakan-fidan-ifade-verecek","tag-mit","tag-mit-ifade"],"acf":[],"_links":{"self":[{"href":"https:\/\/www.nationalturk.com\/tr\/wp-json\/wp\/v2\/posts\/97117","targetHints":{"allow":["GET"]}}],"collection":[{"href":"https:\/\/www.nationalturk.com\/tr\/wp-json\/wp\/v2\/posts"}],"about":[{"href":"https:\/\/www.nationalturk.com\/tr\/wp-json\/wp\/v2\/types\/post"}],"author":[{"embeddable":true,"href":"https:\/\/www.nationalturk.com\/tr\/wp-json\/wp\/v2\/users\/4"}],"replies":[{"embeddable":true,"href":"https:\/\/www.nationalturk.com\/tr\/wp-json\/wp\/v2\/comments?post=97117"}],"version-history":[{"count":0,"href":"https:\/\/www.nationalturk.com\/tr\/wp-json\/wp\/v2\/posts\/97117\/revisions"}],"wp:featuredmedia":[{"embeddable":true,"href":"https:\/\/www.nationalturk.com\/tr\/wp-json\/wp\/v2\/media\/185446"}],"wp:attachment":[{"href":"https:\/\/www.nationalturk.com\/tr\/wp-json\/wp\/v2\/media?parent=97117"}],"wp:term":[{"taxonomy":"category","embeddable":true,"href":"https:\/\/www.nationalturk.com\/tr\/wp-json\/wp\/v2\/categories?post=97117"},{"taxonomy":"post_tag","embeddable":true,"href":"https:\/\/www.nationalturk.com\/tr\/wp-json\/wp\/v2\/tags?post=97117"}],"curies":[{"name":"wp","href":"https:\/\/api.w.org\/{rel}","templated":true}]}}