{"id":97301,"date":"2012-02-09T18:38:09","date_gmt":"2012-02-09T16:38:09","guid":{"rendered":"http:\/\/www.nationalturk.com\/?p=97301"},"modified":"2012-02-09T18:38:09","modified_gmt":"2012-02-09T16:38:09","slug":"sarkozy-referandum-5934","status":"publish","type":"post","link":"https:\/\/www.nationalturk.com\/tr\/sarkozy-referandum-5934\/","title":{"rendered":"Sarkozy, referanduma gitmek istiyor"},"content":{"rendered":"<h2><a href=\"http:\/\/www.nationalturk.com\/tr\/wp-content\/uploads\/2012\/02\/sarkozy-referandum.jpg\"><img loading=\"lazy\" decoding=\"async\" class=\"alignleft size-medium wp-image-97303\" title=\"Sarkozy, referanduma gitmek istiyor\" src=\"http:\/\/www.nationalturk.com\/tr\/wp-content\/uploads\/2012\/02\/sarkozy-referandum-241x220.jpg\" alt=\"\" width=\"241\" height=\"220\" srcset=\"https:\/\/www.nationalturk.com\/tr\/wp-content\/uploads\/2012\/02\/sarkozy-referandum-241x220.jpg 241w, https:\/\/www.nationalturk.com\/tr\/wp-content\/uploads\/2012\/02\/sarkozy-referandum.jpg 433w\" sizes=\"auto, (max-width: 241px) 100vw, 241px\" \/><\/a>Fransa Cumhurba\u015fkan\u0131 Nicolas Sarkozy, g\u00f6revine yeniden se\u00e7ilmesi halinde \u00f6nemli konularda referandum mekanizmas\u0131n\u0131 daha fazla kullanmak istedi\u011fi a\u00e7\u0131klad\u0131.<\/h2>\n<p>Le Figaro Magazine dergisinin cumartesi g\u00fcn\u00fc \u00e7\u0131kacak say\u0131s\u0131nda yer alan m\u00fclakatta Sarkozy, yabanc\u0131 g\u00f6\u00e7menlere verilecek haklar ve i\u015f arayanlarla ilgili \u00e7al\u0131\u015fma hayat\u0131 kurallar\u0131 i\u00e7in referanduma gidip, halk\u0131n g\u00f6r\u00fc\u015f\u00fcn\u00fc sormak istedi\u011fini belirtti.<\/p>\n<p>Sarkozy, i\u015f teklif edilen i\u015fsizlerin, bu \u00f6nerileri reddetme veya staj imkan\u0131na kar\u015f\u0131 \u00e7\u0131kmalar\u0131n\u0131n d\u0131\u015f\u0131nda g\u00f6\u00e7menlerin s\u0131n\u0131rd\u0131\u015f\u0131 edilme ko\u015fullar\u0131yla ilgili referanduma gidilip se\u00e7menlerin g\u00f6r\u00fc\u015flerinin sorulabilece\u011fini ifade etti.<\/p>\n<p>Frans\u0131z bas\u0131n\u0131, Sarkozy&#8217;nin yine ayn\u0131 m\u00fclakatta, e\u015fcinsel evlili\u011fe, e\u015fcinsellerin \u00e7ocuk evlatl\u0131k edinme haklar\u0131na ve yabanc\u0131lar\u0131n oy kullanmas\u0131na kar\u015f\u0131 \u00e7\u0131kt\u0131\u011f\u0131n\u0131 duyurdu.<\/p>\n<p>Fransa&#8217;da iki turlu cumhurba\u015fkanl\u0131\u011f\u0131 se\u00e7imleri nisan ay\u0131n\u0131n sonu ve may\u0131s ay\u0131n\u0131n ba\u015f\u0131nda yap\u0131lacak.<\/p>\n<!-- Error, Advert is not available at this time due to schedule\/geolocation restrictions! -->\n","protected":false},"excerpt":{"rendered":"<p>Fransa Cumhurba\u015fkan\u0131 Nicolas Sarkozy, g\u00f6revine yeniden se\u00e7ilmesi halinde  \u00f6nemli konularda referandumu kullanmak istiyor.<\/p>\n","protected":false},"author":3,"featured_media":97303,"comment_status":"open","ping_status":"open","sticky":false,"template":"","format":"standard","meta":{"_acf_changed":false,"footnotes":""},"categories":[6770,6665,6155,5005,6202],"tags":[9273,87996,24218,978],"class_list":["post-97301","post","type-post","status-publish","format-standard","has-post-thumbnail","hentry","category-avrupa","category-dunya","category-gundem","category-manset","category-politika","tag-fransa-cumhurbaskani-nicolas-sarkozy","tag-fransa-issizlik","tag-referandum","tag-sarkozy"],"acf":[],"_links":{"self":[{"href":"https:\/\/www.nationalturk.com\/tr\/wp-json\/wp\/v2\/posts\/97301","targetHints":{"allow":["GET"]}}],"collection":[{"href":"https:\/\/www.nationalturk.com\/tr\/wp-json\/wp\/v2\/posts"}],"about":[{"href":"https:\/\/www.nationalturk.com\/tr\/wp-json\/wp\/v2\/types\/post"}],"author":[{"embeddable":true,"href":"https:\/\/www.nationalturk.com\/tr\/wp-json\/wp\/v2\/users\/3"}],"replies":[{"embeddable":true,"href":"https:\/\/www.nationalturk.com\/tr\/wp-json\/wp\/v2\/comments?post=97301"}],"version-history":[{"count":0,"href":"https:\/\/www.nationalturk.com\/tr\/wp-json\/wp\/v2\/posts\/97301\/revisions"}],"wp:featuredmedia":[{"embeddable":true,"href":"https:\/\/www.nationalturk.com\/tr\/wp-json\/wp\/v2\/media\/97303"}],"wp:attachment":[{"href":"https:\/\/www.nationalturk.com\/tr\/wp-json\/wp\/v2\/media?parent=97301"}],"wp:term":[{"taxonomy":"category","embeddable":true,"href":"https:\/\/www.nationalturk.com\/tr\/wp-json\/wp\/v2\/categories?post=97301"},{"taxonomy":"post_tag","embeddable":true,"href":"https:\/\/www.nationalturk.com\/tr\/wp-json\/wp\/v2\/tags?post=97301"}],"curies":[{"name":"wp","href":"https:\/\/api.w.org\/{rel}","templated":true}]}}