{"id":97608,"date":"2012-02-13T12:17:34","date_gmt":"2012-02-13T10:17:34","guid":{"rendered":"http:\/\/www.nationalturk.com\/?p=97608"},"modified":"2012-02-13T12:17:34","modified_gmt":"2012-02-13T10:17:34","slug":"kck-operasyonu-11-ilde-en-az-100-gozalti-97608","status":"publish","type":"post","link":"https:\/\/www.nationalturk.com\/tr\/kck-operasyonu-11-ilde-en-az-100-gozalti-97608\/","title":{"rendered":"KCK operasyonu: 11 ilde en az 100 g\u00f6zalt\u0131"},"content":{"rendered":"<h1><img loading=\"lazy\" decoding=\"async\" class=\"alignnone size-full wp-image-97610\" title=\"KCK Operasyonu \/ Adana\" src=\"http:\/\/www.nationalturk.com\/tr\/wp-content\/uploads\/2012\/02\/kck_adana.jpg\" alt=\"\" width=\"610\" height=\"380\"><\/h1>\n<h1>KCK operasyonu: 11 ilde en az 100 g\u00f6zalt\u0131&#8230;\u00a0\u0130stanbul, \u0130zmir, Ankara, Diyarbak\u0131r, Adana, Batman, Van, Hakkari, Gaziantep, Denizli ve Mu\u015f&#8217;ta ter\u00f6r \u00f6rg\u00fct\u00fc PKK&#8217;n\u0131n \u015fehir yap\u0131lanmas\u0131 KCK&#8217;ya y\u00f6nelik operasyon d\u00fczenlendi.<\/h1>\n<p>\u0130stanbul Emniyet M\u00fcd\u00fcrl\u00fc\u011f\u00fc Ter\u00f6rle M\u00fccadele \u015eubesi ekiplerince, PKK ter\u00f6r \u00f6rg\u00fct\u00fcn\u00fcn \u015fehir yap\u0131lanmas\u0131 oldu\u011fu iddia edilen KCK&#8217;ya y\u00f6nelik, \u00e7ok say\u0131da polisin kat\u0131l\u0131m\u0131yla belirlenen adreslere e\u015f zamanl\u0131 operasyon yap\u0131ld\u0131. Operasyonlarda, \u00f6rg\u00fct y\u00f6neticilerinin de aralar\u0131nda oldu\u011fu 16 ki\u015fi g\u00f6zalt\u0131na al\u0131nd\u0131. Bu ki\u015filerle birlikte patlay\u0131c\u0131 madde yap\u0131m\u0131nda kullan\u0131lan malzemeler ile \u00f6rg\u00fctsel dok\u00fcmanlar da ele ge\u00e7irildi. Yakalanan ki\u015filerin, banka ATM&#8217;leri ve ara\u00e7lar\u0131n yak\u0131lmas\u0131, ses bombal\u0131 sald\u0131r\u0131 ve izinsiz y\u00fcr\u00fcy\u00fc\u015f d\u00fczenleme olaylar\u0131na kar\u0131\u015ft\u0131klar\u0131 bildirildi.<\/p>\n<p>\u0130zmir&#8217;de 10, Batman&#8217;da 9, Adana&#8217;da 35, Diyarbak\u0131r&#8217;da 9, Van ve Hakkari&#8217;de 13, Gaziantep&#8217;te 10, Denizli&#8217;de 2, Mu\u015f&#8217;un Erentepe beldesinde ise 1 ki\u015fi g\u00f6zalt\u0131na al\u0131nd\u0131.<\/p>\n<h2>KCK operasyonu: Sendika binalar\u0131 aran\u0131yor<\/h2>\n<p>KCK&#8217;ya y\u00f6nelik soru\u015fturma kapsam\u0131nda ba\u015fkent Ankara&#8217;da baz\u0131 KESK, T\u00fcm Bel-Sen ve SES binalar\u0131 ile bu sendikalar\u0131n baz\u0131 \u00fcyelerinin ev ve i\u015f yerlerinde arama yap\u0131l\u0131yor.\u00a0T\u00fcm Bel-Sen Genel \u00d6rg\u00fctlenme Sekreteri Sat\u0131 Burunucu, gazetecilere yapt\u0131\u011f\u0131 a\u00e7\u0131klamada, KCK&#8217;ya y\u00f6nelik operasyon kapsam\u0131nda KESK Kad\u0131n Sekreteri, SES Kad\u0131n Sekreteri, SES eski kad\u0131n sekreteri , T\u00fcm Bel-Sen Kad\u0131n Sekreteri ve E\u011fitim-Sen 1 No&#8217;lu \u015eube \u00dcyesi hakk\u0131nda g\u00f6zalt\u0131 karar\u0131 bulundu\u011funu s\u00f6yleyerek, bu ki\u015filerin ev ve i\u015f yerlerinde polisin arama yapt\u0131\u011f\u0131n\u0131 bildirdi.<\/p>\n<!-- Error, Advert is not available at this time due to schedule\/geolocation restrictions! -->\n","protected":false},"excerpt":{"rendered":"<p>KCK operasyonu: 11 ilde en az 100 g\u00f6zalt\u0131&#8230; \u0130stanbul, \u0130zmir, Ankara, Diyarbak\u0131r, Adana, Batman, Van, Hakkari, Gaziantep, Denizli ve Mu\u015f&#8217;ta ter\u00f6r \u00f6rg\u00fct\u00fc PKK&#8217;n\u0131n \u015fehir yap\u0131lanmas\u0131 KCK&#8217;ya y\u00f6nelik operasyon d\u00fczenlendi.<\/p>\n","protected":false},"author":4,"featured_media":97610,"comment_status":"open","ping_status":"open","sticky":false,"template":"","format":"standard","meta":{"_acf_changed":false,"footnotes":""},"categories":[6155,5005,349,6805],"tags":[2933,92890,882,1011,92853,5049,81927,81928,92854,1681,33893,12428],"class_list":["post-97608","post","type-post","status-publish","format-standard","has-post-thumbnail","hentry","category-gundem","category-manset","category-son-dakika","category-turkiye","tag-adana","tag-adana-kck","tag-batman","tag-istanbul","tag-istanbul-emniyet","tag-istanbul-emniyet-mudurlugu","tag-istanbul-kck","tag-istanbul-kck-operasyonu","tag-istanbulda-kck-operasyonu","tag-izmir","tag-kck","tag-kck-operasyonu"],"acf":[],"_links":{"self":[{"href":"https:\/\/www.nationalturk.com\/tr\/wp-json\/wp\/v2\/posts\/97608","targetHints":{"allow":["GET"]}}],"collection":[{"href":"https:\/\/www.nationalturk.com\/tr\/wp-json\/wp\/v2\/posts"}],"about":[{"href":"https:\/\/www.nationalturk.com\/tr\/wp-json\/wp\/v2\/types\/post"}],"author":[{"embeddable":true,"href":"https:\/\/www.nationalturk.com\/tr\/wp-json\/wp\/v2\/users\/4"}],"replies":[{"embeddable":true,"href":"https:\/\/www.nationalturk.com\/tr\/wp-json\/wp\/v2\/comments?post=97608"}],"version-history":[{"count":0,"href":"https:\/\/www.nationalturk.com\/tr\/wp-json\/wp\/v2\/posts\/97608\/revisions"}],"wp:featuredmedia":[{"embeddable":true,"href":"https:\/\/www.nationalturk.com\/tr\/wp-json\/wp\/v2\/media\/97610"}],"wp:attachment":[{"href":"https:\/\/www.nationalturk.com\/tr\/wp-json\/wp\/v2\/media?parent=97608"}],"wp:term":[{"taxonomy":"category","embeddable":true,"href":"https:\/\/www.nationalturk.com\/tr\/wp-json\/wp\/v2\/categories?post=97608"},{"taxonomy":"post_tag","embeddable":true,"href":"https:\/\/www.nationalturk.com\/tr\/wp-json\/wp\/v2\/tags?post=97608"}],"curies":[{"name":"wp","href":"https:\/\/api.w.org\/{rel}","templated":true}]}}