{"id":98300,"date":"2012-02-18T10:11:58","date_gmt":"2012-02-18T08:11:58","guid":{"rendered":"http:\/\/www.nationalturk.com\/?p=98300"},"modified":"2012-02-18T10:11:58","modified_gmt":"2012-02-18T08:11:58","slug":"besiktas-ta-toprak-kaymasi-98300","status":"publish","type":"post","link":"https:\/\/www.nationalturk.com\/tr\/besiktas-ta-toprak-kaymasi-98300\/","title":{"rendered":"Be\u015fikta\u015f&#8217; ta toprak kaymas\u0131"},"content":{"rendered":"<h1><img loading=\"lazy\" decoding=\"async\" class=\"alignleft size-medium wp-image-98301\" title=\"Be\u015fikta\u015f&#039; ta g\u00f6c\u00fck\" src=\"http:\/\/www.nationalturk.com\/tr\/wp-content\/uploads\/2012\/02\/besiktas-ta-gocuk-280x185.jpg\" alt=\"\" width=\"280\" height=\"185\" srcset=\"https:\/\/www.nationalturk.com\/tr\/wp-content\/uploads\/2012\/02\/besiktas-ta-gocuk-280x185.jpg 280w, https:\/\/www.nationalturk.com\/tr\/wp-content\/uploads\/2012\/02\/besiktas-ta-gocuk.jpg 500w\" sizes=\"auto, (max-width: 280px) 100vw, 280px\" \/>Be\u015fikta\u015f&#8217;ta toprak kaymas\u0131 sonucu meydana gelen g\u00f6\u00e7\u00fckte toprak alt\u0131nda kalan 10 ya\u015f\u0131ndaki \u00e7ocuk, itfaiye ekipleri taraf\u0131ndan kurtar\u0131larak hastaneye kald\u0131r\u0131ld\u0131.<\/h1>\n<p>Bebek Mahallesi Bostan\u00fcst\u00fc Sokak 9 numaral\u0131 3 katl\u0131 binada, toprak kaymas\u0131 dolay\u0131s\u0131yla g\u00f6\u00e7\u00fck meydana geldi.<\/p>\n<p>Binan\u0131n duvar\u0131n\u0131n y\u0131k\u0131lmas\u0131 sonucu 3. katta oturan Arif K\u00fc\u00e7\u00fck&#8217;\u00fcn 10 ya\u015f\u0131ndaki o\u011flu Efe Nuri K\u00fc\u00e7\u00fck, toprak alt\u0131nda kald\u0131.<\/p>\n<p>Apartman sakinlerinin ihbar sonucu olay yerine \u00e7ok say\u0131da itfaiye, ambulans ve polis ekibi sevk edildi.<\/p>\n<p>K\u0131sa s\u00fcrede olay yerine gelen itfaiye ekiplerinin \u00e7al\u0131\u015fmas\u0131 sonucu toprak alt\u0131nda kalan K\u00fc\u00e7\u00fck kurtar\u0131larak, sa\u011fl\u0131k ekipleri taraf\u0131ndan ambulansa g\u00f6t\u00fcr\u00fclmek \u00fczere binadan \u00e7\u0131kart\u0131ld\u0131.<br \/>\nKurtarma \u00e7al\u0131\u015fmalar\u0131 i\u00e7in sokakta bulunan itfaiye ara\u00e7lar\u0131 sebebiyle ambulans olay yerine bir s\u00fcre giremedi. Bu s\u0131rada Efe Nuri K\u00fc\u00e7\u00fck&#8217;\u00fcn baz\u0131 yak\u0131nlar\u0131 ve kom\u015fular\u0131 sinir krizi ge\u00e7irdi.<br \/>\n\u0130tfaiye ara\u00e7lar\u0131n\u0131n yolu a\u00e7mas\u0131yla ambulansa al\u0131nan K\u00fc\u00e7\u00fck, \u015ei\u015fli Etfal E\u011fitim ve Ara\u015ft\u0131rma Hastanesine kald\u0131r\u0131ld\u0131.<\/p>\n<p>G\u00f6\u00e7\u00fck nedeniyle sokaktaki baz\u0131 binalar bo\u015falt\u0131l\u0131rken, tedavi alt\u0131ndaki Efe Nuri K\u00fc\u00e7\u00fck&#8217;\u00fcn sa\u011fl\u0131k durumunun iyi oldu\u011fu \u00f6\u011frenildi.<\/p>\n<!-- Error, Advert is not available at this time due to schedule\/geolocation restrictions! -->\n<!-- Error, Advert is not available at this time due to schedule\/geolocation restrictions! -->\n","protected":false},"excerpt":{"rendered":"<p>Be\u015fikta\u015f&#8217;ta toprak kaymas\u0131 sonucu meydana gelen g\u00f6\u00e7\u00fckte toprak alt\u0131nda kalan 10 ya\u015f\u0131ndaki \u00e7ocuk, itfaiye ekipleri taraf\u0131ndan kurtar\u0131larak hastaneye kald\u0131r\u0131ld\u0131.<\/p>\n","protected":false},"author":651,"featured_media":98301,"comment_status":"open","ping_status":"open","sticky":false,"template":"","format":"standard","meta":{"_acf_changed":false,"footnotes":""},"categories":[5005,349,6805,6662],"tags":[1748,3091,93435],"class_list":["post-98300","post","type-post","status-publish","format-standard","has-post-thumbnail","hentry","category-manset","category-son-dakika","category-turkiye","category-yasam","tag-besiktas","tag-besiktas-semti","tag-istanbul-besiktas"],"acf":[],"_links":{"self":[{"href":"https:\/\/www.nationalturk.com\/tr\/wp-json\/wp\/v2\/posts\/98300","targetHints":{"allow":["GET"]}}],"collection":[{"href":"https:\/\/www.nationalturk.com\/tr\/wp-json\/wp\/v2\/posts"}],"about":[{"href":"https:\/\/www.nationalturk.com\/tr\/wp-json\/wp\/v2\/types\/post"}],"author":[{"embeddable":true,"href":"https:\/\/www.nationalturk.com\/tr\/wp-json\/wp\/v2\/users\/651"}],"replies":[{"embeddable":true,"href":"https:\/\/www.nationalturk.com\/tr\/wp-json\/wp\/v2\/comments?post=98300"}],"version-history":[{"count":0,"href":"https:\/\/www.nationalturk.com\/tr\/wp-json\/wp\/v2\/posts\/98300\/revisions"}],"wp:featuredmedia":[{"embeddable":true,"href":"https:\/\/www.nationalturk.com\/tr\/wp-json\/wp\/v2\/media\/98301"}],"wp:attachment":[{"href":"https:\/\/www.nationalturk.com\/tr\/wp-json\/wp\/v2\/media?parent=98300"}],"wp:term":[{"taxonomy":"category","embeddable":true,"href":"https:\/\/www.nationalturk.com\/tr\/wp-json\/wp\/v2\/categories?post=98300"},{"taxonomy":"post_tag","embeddable":true,"href":"https:\/\/www.nationalturk.com\/tr\/wp-json\/wp\/v2\/tags?post=98300"}],"curies":[{"name":"wp","href":"https:\/\/api.w.org\/{rel}","templated":true}]}}