{"id":98306,"date":"2012-02-18T10:26:34","date_gmt":"2012-02-18T08:26:34","guid":{"rendered":"http:\/\/www.nationalturk.com\/?p=98306"},"modified":"2022-09-11T15:30:16","modified_gmt":"2022-09-11T12:30:16","slug":"japon-imparatoru-akihito-bypass-ameliyati-98306","status":"publish","type":"post","link":"https:\/\/www.nationalturk.com\/tr\/japon-imparatoru-akihito-bypass-ameliyati-98306\/","title":{"rendered":"Japon \u0130mparatoru Akihito&#8217; nun bypass ameliyat\u0131 ba\u015far\u0131yla tamamland\u0131"},"content":{"rendered":"<h1>Japon \u0130mparatoru Akihito&#8217;nun girdi\u011fi bypass ameliyat\u0131n\u0131n ba\u015far\u0131yla tamamland\u0131\u011f\u0131 bildirildi.<\/h1>\n<p>Japonya&#8217;da kraliyet ailesi ile ilgili devlet i\u015flerinden sorumlu Japon \u0130mparatorluk \u0130daresi Ajans\u0131ndan yap\u0131lan a\u00e7\u0131klamada, Akihito&#8217;nun Tokyo Hastanesi \u00dcniversitesi&#8217;nde yap\u0131lan 6 saat s\u00fcren bypass ameliyat\u0131n\u0131n ba\u015far\u0131yla tamamland\u0131\u011f\u0131 belirtildi.<\/p>\n<p>Kalbinin durumunun ge\u00e7en y\u0131la oranla daha k\u00f6t\u00fcle\u015fti\u011fi, ge\u00e7en haftasonu yap\u0131lan t\u0131bbi kontroller sonucu anla\u015f\u0131larak doktorlar\u0131n ameliyat edilmesine karar verdikleri Akihito&#8217;nun 3 koroner atardamar\u0131ndan 2&#8217;si v\u00fccudunun ba\u015fka yerinden al\u0131nan bir damarla onar\u0131ld\u0131.<\/p>\n<p>Kalbinin yan\u0131 s\u0131ra son y\u0131llarda zat\u00fcrre ve prostat kanseri de dahil olmak \u00fczere \u00e7e\u015fitli sa\u011fl\u0131k sorunlar\u0131yla kar\u015f\u0131layan Akihito, kamu g\u00f6revlerini azaltmas\u0131na kar\u015f\u0131n \u00fclkedeki etkinliklere d\u00fczenli olarak kat\u0131l\u0131yor.<\/p>\n<p>Hi\u00e7bir siyasi yetkisi bulunmamas\u0131na kar\u015f\u0131n halk taraf\u0131ndan \u00e7ok sevilen \u0130mparator Akihito, Japon halk\u0131 taraf\u0131ndan ulusal bir sembol olarak g\u00f6r\u00fcl\u00fcyor.<\/p>\n<!-- Error, Advert is not available at this time due to schedule\/geolocation restrictions! -->\n<!-- Error, Advert is not available at this time due to schedule\/geolocation restrictions! -->\n","protected":false},"excerpt":{"rendered":"<p>Japon \u0130mparatoru Akihito&#8217;nun girdi\u011fi bypass ameliyat\u0131n\u0131n ba\u015far\u0131yla tamamland\u0131\u011f\u0131 bildirildi.<\/p>\n","protected":false},"author":651,"featured_media":98308,"comment_status":"open","ping_status":"open","sticky":false,"template":"","format":"standard","meta":{"_acf_changed":false,"footnotes":""},"categories":[6769,6665,220816],"tags":[92737,65849,863,65848],"class_list":["post-98306","post","type-post","status-publish","format-standard","has-post-thumbnail","hentry","category-asya","category-dunya","category-uzak-dogu","tag-japon-imparatoru","tag-japon-imparatoru-akihito","tag-japonya","tag-japonya-imparatoru"],"acf":[],"_links":{"self":[{"href":"https:\/\/www.nationalturk.com\/tr\/wp-json\/wp\/v2\/posts\/98306","targetHints":{"allow":["GET"]}}],"collection":[{"href":"https:\/\/www.nationalturk.com\/tr\/wp-json\/wp\/v2\/posts"}],"about":[{"href":"https:\/\/www.nationalturk.com\/tr\/wp-json\/wp\/v2\/types\/post"}],"author":[{"embeddable":true,"href":"https:\/\/www.nationalturk.com\/tr\/wp-json\/wp\/v2\/users\/651"}],"replies":[{"embeddable":true,"href":"https:\/\/www.nationalturk.com\/tr\/wp-json\/wp\/v2\/comments?post=98306"}],"version-history":[{"count":0,"href":"https:\/\/www.nationalturk.com\/tr\/wp-json\/wp\/v2\/posts\/98306\/revisions"}],"wp:featuredmedia":[{"embeddable":true,"href":"https:\/\/www.nationalturk.com\/tr\/wp-json\/wp\/v2\/media\/98308"}],"wp:attachment":[{"href":"https:\/\/www.nationalturk.com\/tr\/wp-json\/wp\/v2\/media?parent=98306"}],"wp:term":[{"taxonomy":"category","embeddable":true,"href":"https:\/\/www.nationalturk.com\/tr\/wp-json\/wp\/v2\/categories?post=98306"},{"taxonomy":"post_tag","embeddable":true,"href":"https:\/\/www.nationalturk.com\/tr\/wp-json\/wp\/v2\/tags?post=98306"}],"curies":[{"name":"wp","href":"https:\/\/api.w.org\/{rel}","templated":true}]}}