{"id":9855,"date":"2009-12-01T11:25:57","date_gmt":"2009-12-01T08:25:57","guid":{"rendered":"http:\/\/www.nationalturk.com\/?p=9855"},"modified":"2009-12-01T11:25:57","modified_gmt":"2009-12-01T08:25:57","slug":"tugce-anlas-cinayet","status":"publish","type":"post","link":"https:\/\/www.nationalturk.com\/tr\/tugce-anlas-cinayet\/","title":{"rendered":"Tu\u011f\u00e7e Anla\u015f cinayete kurban gitti"},"content":{"rendered":"<p><strong><img loading=\"lazy\" decoding=\"async\" class=\"alignleft size-medium wp-image-9857\" title=\"Tu\u011f\u00e7e Anla\u015f\" src=\"http:\/\/www.nationalturk.com\/tr\/wp-content\/uploads\/2009\/12\/tugce_anlas_cinayet-172x220.jpg\" alt=\"Tu\u011f\u00e7e Anla\u015f\" width=\"172\" height=\"220\" srcset=\"https:\/\/www.nationalturk.com\/tr\/wp-content\/uploads\/2009\/12\/tugce_anlas_cinayet-172x220.jpg 172w, https:\/\/www.nationalturk.com\/tr\/wp-content\/uploads\/2009\/12\/tugce_anlas_cinayet.Jpeg 207w\" sizes=\"auto, (max-width: 172px) 100vw, 172px\" \/>Ailesine &#8220;sinemaya gidiyorum&#8221; yaz\u0131l\u0131 bir mesaj g\u00f6nderdikten sonra kendisinden haber al\u0131namayan 20 ya\u015f\u0131ndaki Tu\u011f\u00e7e Anla\u015f, Adana Y\u00fcre\u011fir&#8217;de bo\u011faz\u0131 kesilmi\u015f ve 28 yerinden b\u0131\u00e7aklanarak \u00f6ld\u00fcr\u00fclm\u00fc\u015f bir \u015fekilde bulundu.<\/strong><\/p>\n<p>Seyhan Baraj\u0131\u2019n\u0131n Y\u00fcre\u011fir yakas\u0131 sahilinde dola\u015fanlar, d\u00fcn saat 15.30 s\u0131ralar\u0131nda kayal\u0131klar aras\u0131nda bir kad\u0131n cesedi g\u00f6rd\u00fc.<\/p>\n<p>Gen\u00e7 k\u0131z\u0131n bo\u011faz\u0131n\u0131n kesildi\u011fi, kalbine yak\u0131n b\u00f6lgelerden 28 kez b\u0131\u00e7akland\u0131\u011f\u0131 belirlendi. Cinayette kullan\u0131ld\u0131\u011f\u0131 san\u0131lan ekmek b\u0131\u00e7a\u011f\u0131 havluya sar\u0131l\u0131 halde cesedin yan\u0131nda, gen\u00e7 k\u0131z\u0131n \u00e7antas\u0131 da 20 metre uzakta suya at\u0131lm\u0131\u015f halde bulundu.<\/p>\n<p>Ceset otopsi i\u00e7in Adana Adli T\u0131p Kurumu morguna kald\u0131r\u0131l\u0131rken, ekipler cinayetin ayd\u0131nlat\u0131lmas\u0131 i\u00e7in \u00e7ok y\u00f6nl\u00fc soru\u015fturma ba\u015flatt\u0131.<\/p>\n","protected":false},"excerpt":{"rendered":"<p>Ailesine &#8220;sinemaya gidiyorum&#8221; yaz\u0131l\u0131 bir mesaj g\u00f6nderdikten sonra kendisinden haber al\u0131namayan 20 ya\u015f\u0131ndaki Tu\u011f\u00e7e Anla\u015f, Adana Y\u00fcre\u011fir&#8217;de bo\u011faz\u0131 kesilmi\u015f ve 28 yerinden b\u0131\u00e7aklanarak \u00f6ld\u00fcr\u00fclm\u00fc\u015f bir \u015fekilde bulundu.<\/p>\n","protected":false},"author":4,"featured_media":193567,"comment_status":"open","ping_status":"open","sticky":false,"template":"","format":"standard","meta":{"_acf_changed":false,"footnotes":""},"categories":[1],"tags":[10154,10157,10156,10152,10155,10158,10153,5089],"class_list":["post-9855","post","type-post","status-publish","format-standard","has-post-thumbnail","hentry","category-nationalturk","tag-adana-yuregir","tag-bicaklama","tag-seyhan-barasi","tag-tugce-anlas","tag-tugce-anlas-adana","tag-tugce-anlas-cinayet","tag-tugce-anlas-cinayeti","tag-yuregir"],"acf":[],"_links":{"self":[{"href":"https:\/\/www.nationalturk.com\/tr\/wp-json\/wp\/v2\/posts\/9855","targetHints":{"allow":["GET"]}}],"collection":[{"href":"https:\/\/www.nationalturk.com\/tr\/wp-json\/wp\/v2\/posts"}],"about":[{"href":"https:\/\/www.nationalturk.com\/tr\/wp-json\/wp\/v2\/types\/post"}],"author":[{"embeddable":true,"href":"https:\/\/www.nationalturk.com\/tr\/wp-json\/wp\/v2\/users\/4"}],"replies":[{"embeddable":true,"href":"https:\/\/www.nationalturk.com\/tr\/wp-json\/wp\/v2\/comments?post=9855"}],"version-history":[{"count":0,"href":"https:\/\/www.nationalturk.com\/tr\/wp-json\/wp\/v2\/posts\/9855\/revisions"}],"wp:featuredmedia":[{"embeddable":true,"href":"https:\/\/www.nationalturk.com\/tr\/wp-json\/wp\/v2\/media\/193567"}],"wp:attachment":[{"href":"https:\/\/www.nationalturk.com\/tr\/wp-json\/wp\/v2\/media?parent=9855"}],"wp:term":[{"taxonomy":"category","embeddable":true,"href":"https:\/\/www.nationalturk.com\/tr\/wp-json\/wp\/v2\/categories?post=9855"},{"taxonomy":"post_tag","embeddable":true,"href":"https:\/\/www.nationalturk.com\/tr\/wp-json\/wp\/v2\/tags?post=9855"}],"curies":[{"name":"wp","href":"https:\/\/api.w.org\/{rel}","templated":true}]}}