{"id":98610,"date":"2012-02-21T14:21:17","date_gmt":"2012-02-21T12:21:17","guid":{"rendered":"http:\/\/www.nationalturk.com\/?p=98610"},"modified":"2024-02-06T16:09:41","modified_gmt":"2024-02-06T13:09:41","slug":"aziz-yildirim-savunmasina-basladi-operasyon-aziz-yildirima-karsi-yapilmistir-98610","status":"publish","type":"post","link":"https:\/\/www.nationalturk.com\/tr\/aziz-yildirim-savunmasina-basladi-operasyon-aziz-yildirima-karsi-yapilmistir-98610\/","title":{"rendered":"Aziz Y\u0131ld\u0131r\u0131m savunmas\u0131na ba\u015flad\u0131 \/ Operasyon Aziz Y\u0131ld\u0131r\u0131m&#8217;a kar\u015f\u0131 yap\u0131lm\u0131\u015ft\u0131r"},"content":{"rendered":"<h1><img loading=\"lazy\" decoding=\"async\" class=\"alignleft size-medium wp-image-98615\" title=\"Aziz Y\u0131ld\u0131r\u0131m\" src=\"http:\/\/www.nationalturk.com\/tr\/wp-content\/uploads\/2012\/02\/aziz_yildirim_emniyet_koridor4-280x145.jpg\" alt=\"\" width=\"280\" height=\"145\" srcset=\"https:\/\/www.nationalturk.com\/tr\/wp-content\/uploads\/2012\/02\/aziz_yildirim_emniyet_koridor4-280x145.jpg 280w, https:\/\/www.nationalturk.com\/tr\/wp-content\/uploads\/2012\/02\/aziz_yildirim_emniyet_koridor4.jpeg 566w\" sizes=\"auto, (max-width: 280px) 100vw, 280px\" \/>Aziz Y\u0131ld\u0131r\u0131m savunmas\u0131na ba\u015flad\u0131 \/ Operasyon Aziz Y\u0131ld\u0131r\u0131m&#8217;a kar\u015f\u0131 yap\u0131lm\u0131\u015ft\u0131r&#8230; \u015eike davas\u0131 bug\u00fcn 6. duru\u015fma ile devam ediyor. Fenerbah\u00e7e Ba\u015fkan\u0131 Aziz Y\u0131ld\u0131r\u0131m savunma vermeye ba\u015flad\u0131.<\/h1>\n<p>23&#8217;\u00fc tutuklu 93 san\u0131\u011f\u0131n yarg\u0131land\u0131\u011f\u0131 \u015fike davas\u0131n\u0131n alt\u0131nc\u0131 duru\u015fmas\u0131 \u00c7a\u011flayan\u2019daki \u0130stanbul Adalet Saray\u0131&#8217;nda yap\u0131l\u0131yor. Fenerbah\u00e7e Ba\u015fkan\u0131 Aziz Y\u0131ld\u0131r\u0131m savunma vermeye ba\u015flarken Mahkeme Ba\u015fkan\u0131 Mehmet Ekinci&#8217;nin Fenerbah\u00e7eli y\u00f6neticileri d\u0131\u015far\u0131 \u00e7\u0131karmak istemesi \u00fczerine Y\u0131ld\u0131r\u0131m, &#8220;Burada yarg\u0131lanan Fenerbah\u00e7e&#8221; dedi. Ekinci ise &#8220;Burada ben konu\u015fursam herkes susar&#8221; ifadelerini kulland\u0131.<\/p>\n<p>Aziz Y\u0131ld\u0131r\u0131m savunmas\u0131 s\u0131ras\u0131nda Fenerbah\u00e7e&#8217;nin puan kaybetti\u011fi ma\u00e7lara ili\u015fkin iddianamede hi\u00e7bir \u015fey olmad\u0131\u011f\u0131n\u0131 belirterek &#8220;25 milyon susuyorsa biz cezaevinden bir mesaj vermedi\u011fimiz i\u00e7indir.\u00a0Savc\u0131, Fenerbah\u00e7e&#8217;nin \u00f6rg\u00fct, amac\u0131n\u0131n da \u015eampiyon olmak oldu\u011funu iddia etmi\u015ftir.\u00a0Bu operasyon Fenerbah\u00e7e ve Aziz Y\u0131ld\u0131r\u0131m&#8217;a kar\u015f\u0131 yap\u0131lm\u0131\u015ft\u0131r&#8221; dedi.<\/p>\n<p>Aziz Y\u0131ld\u0131r\u0131m, Galatasaray&#8217;\u0131n \u015fike yapt\u0131\u011f\u0131n\u0131 g\u00f6sterip Fenerbah\u00e7e&#8217;nin \u015fike yapmad\u0131\u011f\u0131n\u0131 kan\u0131tlayaca\u011f\u0131n\u0131 iddia ederek &#8220;Bug\u00fcn tarihi bir g\u00fcn ya\u015f\u0131yoruz, kendimi ve kul\u00fcb\u00fcm\u00fc savunaca\u011f\u0131m.\u00a0Bas\u0131n, gazete satmak i\u00e7in ailemiz oldu\u011funu d\u00fc\u015f\u00fcnmeden y\u0131prat\u0131c\u0131 haberler yap\u0131yor. Hasta olmad\u0131\u011f\u0131m halde hastaland\u0131\u011f\u0131m yaz\u0131ld\u0131.\u00a0D\u00fc\u015fmana inat, bir g\u00fcn fazla ya\u015famak.\u00a0Fenerbah\u00e7eli olmay\u0131 her zaman, her\u015feyin \u00fczerinde tuttum.\u00a0Fenerbah\u00e7e art\u0131k sadece Spor Kul\u00fcb\u00fc olarak kalmayacakt\u0131r.\u00a0Polis fezlekesiyle Fenerbah\u00e7e Kul\u00fcb\u00fcnden TFF savunma istiyorsa, o zaman bu dava \u015fah\u0131s de\u011fil Fenerbah\u00e7e davas\u0131d\u0131r. Aziz Y\u0131ld\u0131r\u0131m&#8217;\u0131n \u015fah\u0131s ak\u0131betinin \u00f6nemi yoktur. Fenerbah\u00e7e camias\u0131n\u0131n, koca \u00e7\u0131nardan tek bir yaprak kopar\u0131lmas\u0131na izin vermeyecektir. Fenerbah\u00e7e sadece sportif alanda de\u011fil, sosyal alanda da her t\u00fcrl\u00fc yer alacakt\u0131r. \u0130nsanlara T\u00fcrkl\u00fck g\u00fcc\u00fc ve ya\u015fama umudu veren Fenerbah\u00e7e, halk\u0131n sevgilisi olmu\u015ftur.\u00a0Fenerbah\u00e7e Kuvay\u0131 Milliye ruhunun temsilcisi oldu. Fenerbah\u00e7e, T\u00fcrk olmay\u0131 her \u015feyin \u00fcst\u00fcnde tutan gen\u00e7ler taraf\u0131ndan kurulmu\u015ftur. Bize sald\u0131r\u0131n\u0131n temel nedeni, kurulu\u015f y\u0131llar\u0131ndaki felsefemizdir. Buradan temiz \u00e7\u0131kaca\u011f\u0131m\u0131z\u0131 ifade etmek isterim. Dar a\u011fac\u0131nda olsak bile son s\u00f6z\u00fcm\u00fcz Fenerbah\u00e7e olacak.\u00a0Ben ve arkada\u015flar\u0131m hi\u00e7bir zaman Fenerbah\u00e7e&#8217;yi k\u00f6t\u00fc durumda b\u0131rakacak eylemlerle bulunmad\u0131k&#8221; diye konu\u015ftu.<\/p>\n<p>Bu arada duru\u015fma salonu k\u00fc\u00e7\u00fck oldu\u011fu gerek\u00e7esiyle gazetecileri \u00fc\u00e7eriye almayan mahkeme ba\u015fkan\u0131, d\u0131\u015far\u0131ya barkovizyon kurulmas\u0131n\u0131 da iptal etti.<\/p>\n<p>Davan\u0131n bir numaral\u0131 san\u0131\u011f\u0131 Olgun Peker&#8217;e ba\u011flant\u0131l\u0131 oldu\u011fu iddia edilen ki\u015filerin savunmalar\u0131 sona erdi. \u00d6\u011fle aras\u0131ndan sonra Aziz Y\u0131ld\u0131r\u0131m&#8217;\u0131n savunmas\u0131 al\u0131nmaya ba\u015fland\u0131. \u00d6te yandan Aziz Y\u0131ld\u0131r\u0131m&#8217;\u0131n avukat\u0131 Abdullah Kaya, Fenerbah\u00e7e Ba\u015fkan\u0131&#8217;n\u0131n yapaca\u011f\u0131 savunman\u0131n tamam\u0131n\u0131n, sar\u0131-lacivertli kul\u00fcb\u00fcn resmi internet sitesinde yay\u0131nlanaca\u011f\u0131n\u0131 bildirdi.<\/p>\n<!-- Error, Advert is not available at this time due to schedule\/geolocation restrictions! -->\n","protected":false},"excerpt":{"rendered":"<p>Aziz Y\u0131ld\u0131r\u0131m savunmas\u0131na ba\u015flad\u0131 \/ Operasyon Aziz Y\u0131ld\u0131r\u0131m&#8217;a kar\u015f\u0131 yap\u0131lm\u0131\u015ft\u0131r&#8230; \u015eike davas\u0131 bug\u00fcn 6. duru\u015fma ile devam ediyor. Fenerbah\u00e7e Ba\u015fkan\u0131 Aziz Y\u0131ld\u0131r\u0131m savunma vermeye ba\u015flad\u0131.<\/p>\n","protected":false},"author":4,"featured_media":185268,"comment_status":"open","ping_status":"open","sticky":false,"template":"","format":"standard","meta":{"_acf_changed":false,"footnotes":""},"categories":[6774,6155,220906,6194],"tags":[5058,93467,93468,93469,849,21483,36958,92793,19436],"class_list":["post-98610","post","type-post","status-publish","format-standard","has-post-thumbnail","hentry","category-futbol","category-gundem","category-sikeli-maclar","category-spor","tag-aziz-yildirim","tag-aziz-yildirim-savunma","tag-aziz-yildirim-savunmasi","tag-aziz-yildirimin-savunmasi","tag-fenerbahce","tag-sike","tag-sike-davasi","tag-sike-durusmasi","tag-sike-sorusturmasi"],"acf":[],"_links":{"self":[{"href":"https:\/\/www.nationalturk.com\/tr\/wp-json\/wp\/v2\/posts\/98610","targetHints":{"allow":["GET"]}}],"collection":[{"href":"https:\/\/www.nationalturk.com\/tr\/wp-json\/wp\/v2\/posts"}],"about":[{"href":"https:\/\/www.nationalturk.com\/tr\/wp-json\/wp\/v2\/types\/post"}],"author":[{"embeddable":true,"href":"https:\/\/www.nationalturk.com\/tr\/wp-json\/wp\/v2\/users\/4"}],"replies":[{"embeddable":true,"href":"https:\/\/www.nationalturk.com\/tr\/wp-json\/wp\/v2\/comments?post=98610"}],"version-history":[{"count":0,"href":"https:\/\/www.nationalturk.com\/tr\/wp-json\/wp\/v2\/posts\/98610\/revisions"}],"wp:featuredmedia":[{"embeddable":true,"href":"https:\/\/www.nationalturk.com\/tr\/wp-json\/wp\/v2\/media\/185268"}],"wp:attachment":[{"href":"https:\/\/www.nationalturk.com\/tr\/wp-json\/wp\/v2\/media?parent=98610"}],"wp:term":[{"taxonomy":"category","embeddable":true,"href":"https:\/\/www.nationalturk.com\/tr\/wp-json\/wp\/v2\/categories?post=98610"},{"taxonomy":"post_tag","embeddable":true,"href":"https:\/\/www.nationalturk.com\/tr\/wp-json\/wp\/v2\/tags?post=98610"}],"curies":[{"name":"wp","href":"https:\/\/api.w.org\/{rel}","templated":true}]}}