{"id":99053,"date":"2012-02-24T13:32:11","date_gmt":"2012-02-24T11:32:11","guid":{"rendered":"http:\/\/www.nationalturk.com\/?p=99053"},"modified":"2019-03-28T11:13:56","modified_gmt":"2019-03-28T08:13:56","slug":"yeni-bir-formul-4-4-4-4","status":"publish","type":"post","link":"https:\/\/www.nationalturk.com\/tr\/yeni-bir-formul-4-4-4-4\/","title":{"rendered":"Yeni bir form\u00fcl:   4 + 4 + 4 = 4"},"content":{"rendered":"<p><a href=\"http:\/\/www.nationalturk.com\/tr\/wp-content\/uploads\/2010\/11\/filiz-eyuboglu1.jpg\"><img loading=\"lazy\" decoding=\"async\" class=\"alignleft size-full wp-image-47800\" title=\"Filiz Ey\u00fcbo\u011flu\" src=\"http:\/\/www.nationalturk.com\/tr\/wp-content\/uploads\/2010\/11\/filiz-eyuboglu1.jpg\" alt=\"\" width=\"88\" height=\"115\"><\/a>4 + 4 + 4 \u015feklinde e\u011fitimi 12 y\u0131la \u00e7\u0131kar\u0131yoruz kand\u0131rmacas\u0131 ile toplum aptal yerine konmak istenmektedir. Ama toplum &#8211; en az\u0131ndan bu i\u015flere kafa yoran, d\u00fc\u015f\u00fcnen, d\u00fc\u015f\u00fcnebilen toplum &#8212; aptal de\u011fildir.<\/p>\n<p>Bu &#8211;d\u00fcnyan\u0131n g\u00fclece\u011fi &#8212; form\u00fcl ile ama\u00e7lanan, zorunlu e\u011fitimi 8&#8217;den de\u011fil 5&#8217;e, 4 y\u0131la indirmektir.<\/p>\n<p>Neden 12 de\u011fil de 4 y\u0131l? \u00c7\u00fcnk\u00fc 4 y\u0131ldan sonras\u0131 i\u00e7in s\u00f6yledikleri a\u00e7\u0131k \u00f6\u011fretim ile devam bilimsel bulgulara tamamen s\u0131rt d\u00f6nmektir. <strong>Ara\u015ft\u0131rmalar g\u00f6stermektedir ki a\u00e7\u0131k \u00f6\u011fretim \/ uzaktan e\u011fitim \/ e-\u00f6\u011frenme k\u00fc\u00e7\u00fck \u00e7ocuklar i\u00e7in\u00a0uygun de\u011fildir.<\/strong> Lisans d\u00fczeyi i\u00e7in bile pek ba\u015far\u0131l\u0131 olmamakta, y\u00fcksek lisans veya yeti\u015fkin e\u011fitimi i\u00e7in daha uygun olabilmektedir.<\/p>\n<p>\u00c7\u00fcnk\u00fc<strong>\u00a0uzaktan e\u011fitim, a\u00e7\u0131k \u00f6\u011fretim;\u00a0\u00f6z disiplin, \u00f6z d\u00fczenleme becerileri (planlayabilme, plan\u0131 uygulayabilme, vb&#8230;), i\u00e7sel motivasyon gerektirmektedir.<\/strong> 11 ya\u015f\u0131ndaki bir \u00e7ocukta bunlar olmaz. \u00c7ocuk, d\u0131\u015far\u0131da ya da Internet ba\u015f\u0131nda oyun oynamak dururken Internet&#8217;ten gelen dersleri mi takip edecek (bu dersler kimi zaman asenkron kimi zaman senkron olacak). Hangi 11, 12, 13&#8230; 17 ya\u015f\u0131ndaki \u00e7ocuk bunlar\u0131 nas\u0131l planlar, takip eder? <strong>Ruhsal ve zihinsel geli\u015fimleri bunlar\u0131 becermeye elveri\u015fli de\u011fildir o ya\u015flarda.<\/strong><\/p>\n<p>Lisede bile zor ki 11-14 ya\u015flarda\u00a0bunu hi\u00e7 bekleyemeyiz. \u00c7ocuklar bu e\u011fitime yaz\u0131lsa bile herhalde en ge\u00e7 birka\u00e7 hafta i\u00e7inde b\u0131rak\u0131rlar.<\/p>\n<p>\u00dclkemizde <strong>okulla\u015fma oran\u0131<\/strong> zaten \u00e7ok d\u00fc\u015f\u00fckt\u00fcr. (Okulla\u015fma oran\u0131, o ya\u015f grubunda okulda olmas\u0131 gerekenlerin okulda olmas\u0131). Liselerde an\u0131msayabildi\u011fim kadar\u0131yla y\u00fczde 50. Geli\u015fmi\u015f \u00fclkelere g\u00f6re \u00e7ok ama \u00e7ok d\u00fc\u015f\u00fck; yani lise ya\u015f\u0131nda olanlar\u0131n zaten yar\u0131s\u0131 liseye gitmekte yar\u0131s\u0131 gitmemekte.<\/p>\n<p><strong>Zorunlu e\u011fitim 8 y\u0131lken de 5 y\u0131lken de,<\/strong> gitmeyenlerin ana babas\u0131 cezaland\u0131r\u0131lmak durumdayken bile (yasaya g\u00f6re) <strong>okula gitmeyen bir s\u00fcr\u00fc \u00e7ocuk var(d\u0131).<\/strong> Bakkal \u00e7\u0131ra\u011f\u0131na, berber \u00e7\u0131ra\u011f\u0131na sorun; okula gidiyor musun? Hay\u0131r. Neden? \u0130\u015fte&#8230; Ya da babam okuldan ald\u0131 beni.<\/p>\n<p>Di\u011fer bir deyi\u015fle,\u00a0zorunlu e\u011fitim de zorunlu de\u011fildi. Ama hi\u00e7 de\u011filse, giden, 8 sene iyi k\u00f6t\u00fc bir e\u011fitim-\u00f6\u011fretim al\u0131yordu.<br \/>\n\u015eimdi 4 sene. Bu \u00e7a\u011fda, olacak i\u015f de\u011fil.<\/p>\n<p>D\u00fcnyada zorunlu e\u011fitimin 5 y\u0131l olarak kald\u0131\u011f\u0131 \u00fclke say\u0131s\u0131 bir elin parmaklar\u0131n\u0131 ge\u00e7mez. Ama &#8220;geli\u015fmi\u015f demokrasi&#8221; T\u00fcrkiye&#8217;de 4 y\u0131l olacak.<\/p>\n<p>Zaten muhalefet eden, sokaklara inip ses \u00e7\u0131karmaya \u00e7al\u0131\u015fan insan\/grup say\u0131s\u0131 g\u00fcn\u00fcm\u00fczde \u00e7ok ama \u00e7ok azd\u0131r. Bunlar da her t\u00fcrl\u00fc \u015fiddete u\u011frayarak i\u00e7eri at\u0131lmakta, afi\u015f ast\u0131 diye kar\u0131s\u0131n\u0131 do\u011frayandan daha \u00e7ok cezalar verilerek gen\u00e7lerin hayat\u0131 s\u00f6nd\u00fcr\u00fclmekte, sesleri kesilmeye \u00e7al\u0131\u015f\u0131lmakta, bunlar\u0131 g\u00f6renler ders al\u0131p korkup sinsin, hi\u00e7 ses etmesin istenmektedir.<\/p>\n<p><strong>Hedeflenen tamamen sessiz bir toplum yaratmakt\u0131r. 4 y\u0131l okusun, o da dindar e\u011fitim olsun. Sonra da din e\u011fitimi als\u0131n (din e\u011fitimi verecek yerler artacak, \u00e7e\u015fitlenecektir). Ara\u015ft\u0131ran, d\u00fc\u015f\u00fcnen, ak\u0131l muhakame y\u00fcr\u00fcten, ele\u015ftiren, tart\u0131\u015fan hi\u00e7 bir kafa kalmas\u0131n. Ara\u015ft\u0131rma, ele\u015ftirel d\u00fc\u015f\u00fcnme \u00f6\u011fretilmeyen beyinlerin belirli b\u00f6l\u00fcmleri geli\u015fmemektedir; bu bir bilimsel ger\u00e7ektir.<\/strong> \u00a0Kabaca, beyinlerinin o b\u00f6l\u00fcmleri \u00f6lmektedir diyebiliriz. Ama\u00e7 budur. Beynini sadece anlamad\u0131\u011f\u0131 arap\u00e7a dualar\u0131 ezberlemekte kullanan, sadece ezber belle\u011fi \u00e7al\u0131\u015fan bir bellek ki hi\u00e7 bir i\u015fe yaramaz.<\/p>\n<p>Ayd\u0131n, gazete okuyan ve kar\u0131s\u0131n\u0131 da bilgilendiren kocas\u0131 maalesef erken ya\u015fta \u00f6ld\u00fckten sonra evdeki yard\u0131mc\u0131m kad\u0131n, onun yaln\u0131z olmas\u0131n\u0131 f\u0131rsat bilen mahalleli ile ili\u015fkileri sonucu hemen ba\u015f\u0131n\u0131 \u00f6rtt\u00fc (kocas\u0131 buna \u00e7ok \u00fcz\u00fcl\u00fcrd\u00fc), gazete bilgilerini kocas\u0131ndan ald\u0131\u011f\u0131ndan ve hayat\u0131nda kendisi gazete kitap okumad\u0131\u011f\u0131ndan \u015fimdi bilgisiz kald\u0131\u011f\u0131 gibi o cahil \u00f6tesi konu kom\u015fular\u0131ndan her g\u00fcn ald\u0131\u011f\u0131 inan\u0131lmaz cahilce, mant\u0131ks\u0131z, uydurma \u201cfikirleri\u201d gelip bana aktarmakta. Her dedi\u011fine kar\u015f\u0131 \u00e7\u0131k\u0131yor, a\u00e7\u0131kl\u0131yorum.. Onun bu hali gece beni uyutmuyor. Demek diyorum b\u00f6yle milyonlar var ve bu \u201ce\u011fitimle\u201d bunlar giderek artacak\u2026 B\u00f6yle bir toplumla geli\u015febilir miyiz?:(<\/p>\n<p>Regl sanc\u0131s\u0131nda a\u011fr\u0131 kesici al\u0131rsan kanama azal\u0131r, \u00e7ocuk yapamaz olursun\u2019dan tutun da, bal \u015fi\u015fmanlatmaz \u00e7\u00fcnk\u00fc ar\u0131 yapar, \u201cher \u015feye atl\u0131yormu\u015fum diye (atlad\u0131\u011f\u0131 yok oysa) \u201cbende panik atakl\u0131k\u201d var\u201d.. Atakl\u0131k. Yavu dedim her \u015feyden evvel b\u00f6yle bir kelime yok. Ayr\u0131ca sende panik atak hastal\u0131\u011f\u0131 yok. A\u00e7\u0131klad\u0131m.. Ama inanmaz bakt\u0131 g\u00f6zleri\u2026 E\u011fitimsizlikle bu noktalara geliniyor\u2026.<\/p>\n<p>Yak\u0131n zamana kadar \u00dcniversitede ders verdim.\u00a0Baz\u0131 erkek \u00f6\u011frencilerin k\u0131zlar\u0131n yan\u0131na oturmad\u0131\u011f\u0131n\u0131 \u00f6\u011frendi\u011fimde \u015fok ge\u00e7irmi\u015ftim. Hem oturduklar\u0131 ayr\u0131 ayr\u0131 sandalyelerdi, bank de\u011fil. Ve aralar\u0131nda en az 30-40-50 santim var belki daha fazla, ama k\u0131z yan\u0131na oturmuyor. Grup \u00e7al\u0131\u015fmas\u0131 i\u00e7in heterojen gruplar yap\u0131yordum, memnun olmuyorlard\u0131r. \u0130\u015fin ilgin\u00e7 yan\u0131 bu \u00f6\u011frenciler toplu halde s\u0131n\u0131f\u0131n belirli bir yar\u0131s\u0131na oturuyorlar, derste sorulara cevap vermiyorlar, tart\u0131\u015fmalara kat\u0131lm\u0131yorlard\u0131. Kat\u0131l\u0131mc\u0131 de\u011fillerdi, fikirleri ya yoktu ya da s\u00f6ylemek istemiyorlard\u0131&#8230;. \ud83d\ude41 \u00a0 Ama haklar\u0131n\u0131 vermeliyim baz\u0131lar\u0131 bana gelip okunacak film, seyredilecek film de sormu\u015ftur&#8230; \u0130\u015fte bu birka\u00e7 tatmin i\u00e7indir ders vermek, para almadan, bir ka\u00e7 ki\u015fiye de olsa bir \u015feyler verebilmek, ufuk a\u00e7abilmek&#8230;<\/p>\n<p>\u0130\u015fin ac\u0131 yan\u0131, t\u00fcm STK&#8217;lar ses \u00e7\u0131kar\u0131rken, esas ses \u00e7\u0131karmas\u0131 gereken \u00dcniversiteler, ve de \u00f6zellikle &#8212; benim de doktora yapm\u0131\u015f oldu\u011fum &#8212; <strong>E\u011fitim Fak\u00fclteleri&#8217;nden\u00a0ses \u00e7\u0131kmamas\u0131.<\/strong> Utan\u00e7 verici. Utan\u0131yorum. Ha evet \u00e7o\u011fu da yanda\u015flarla dolduruldu neden ses \u00e7\u0131kars\u0131nlar?; \u00e7\u0131karmas\u0131nlar diye oralara kondular. Ama hala yanda\u015f olmayanlar da var(d\u0131r)&#8230;<\/p>\n<p>\u00dcniversitenin \u00fc\u00e7 misyonu vard\u0131r.<\/p>\n<p>1) Bilimsel ara\u015ft\u0131rma yapmak<\/p>\n<p>2) Elde etti\u011fi bilgileri toplumla payla\u015fmak<\/p>\n<p>3) Ders vermek.<\/p>\n<p><strong>\u0130kinci misyonlar\u0131n\u0131 yerine getirmiyorlar.<\/strong><\/p>\n<p>Bu 4 + 4 + 4 =12 yalan\u0131na her ortamda herkes ses \u00e7\u0131karmal\u0131. \u00c7\u00fcnk\u00fc bu 12 de\u011fil, 4. Pratikte olacak olan 4.<\/p>\n<p>B\u00f6ylelikle<\/p>\n<p>&#8211; Zorunlu e\u011fitim 4 y\u0131la inmi\u015f olacak.<\/p>\n<p>&#8211; 11-12 ya\u015f\u0131ndan itibaren erkek \u00e7ocuklar kendini soka\u011fa vuracak ve tarikat e\u011fitimlerine.<\/p>\n<p>&#8211; K\u0131zlar eve kapat\u0131lacak, evlendirilecek. \u00c7ocuk gelinler olay\u0131na h\u00fck\u00fcmetten, iktidar kesiminden\u00a0hi\u00e7 ses gelmi\u015f miydi? Gelmez. \u00e7\u00fcnk\u00fc Peygamber efendimiz 11 ya\u015f\u0131ndaki k\u0131z\u0131 almam\u0131\u015f m\u0131yd\u0131?\u00a0Cumhurba\u015fkan\u0131 e\u015fi \u00e7ok \u00e7ok gen\u00e7 ya\u015ftayken ama kendi ya\u015f\u0131 b\u00fcy\u00fckken \u00a0evlenmemi\u015f miydi?\u00a0Milletvekilleri, bakanlar aras\u0131nda da e\u015flerini \u00e7ok gen\u00e7 ya\u015fta &#8220;alanlar&#8221; yok mu?\u00a0(Dolay\u0131s\u0131yla \u00e7ocuk gelin meselesi onlar i\u00e7in son derece normal bir oldu. Hatta olmas\u0131 gereken!)<\/p>\n<p>Kokar\u0131m, s\u0131rada, k\u0131zlar\u0131n, kad\u0131nlar\u0131n yanlar\u0131nda akrabas\u0131 bir erkek olmadan soka\u011fa \u00e7\u0131kamamas\u0131 gelir. ben o zaman soka\u011fa \u00e7\u0131kamam&#8230;:( Sonra spor ayakkab\u0131 giyme yasa\u011f\u0131, bat\u0131 m\u00fczi\u011fi dinleme yasa\u011f\u0131&#8230; Kad\u0131nlar\u0131n\u00a0kapam\u0131 mapal\u0131 hi\u00e7 bir havuza girememesi&#8230; \u00a0G\u00fclmeyelim, komplo teorisi demeyelim. Bu projenin ad\u0131mlar\u0131 b\u00f6yle&#8230;\u00a0\u015eafak Pavey&#8217;in \u0130ran&#8217;da \u00e7al\u0131\u015ft\u0131\u011f\u0131 seneleri anlatan kitab\u0131n\u0131 okuman\u0131z\u0131 \u00f6neririm.<\/p>\n<p>Bu art\u0131k y\u00fczs\u00fczl\u00fcklerini\u00a0tamamen ele alarak \u00f6nerdikleri, \u00f6nerebildikleri (ne de olsa h\u00f6t diyecek kurum kalmad\u0131, hi\u00e7 bir kurum kalmad\u0131)\u00a0son tasar\u0131 bunlar\u0131 hala demokratik, ilerici falan sanan k\u00f6rlere bir \u015feyler s\u00f6yleyebiliyor mu? O &#8220;yetmez ama\u00a0evet\u00e7iler&#8221; sa\u00e7mal\u0131\u011f\u0131&#8230; Utan\u0131yor olmal\u0131lar ama emin de\u011filim.. Hala evet diyorlarsa &#8230;\u00a0(Buraya g\u00fclme i\u015fareti mi \u00fcz\u00fcnt\u00fc i\u015fareti mi koymal\u0131!) \u00d6ng\u00f6r\u00fcs\u00fc, bir tak\u0131m olaylara ve ger\u00e7eklere bak\u0131p \u00e7\u0131kar\u0131m yapabilme\u00a0becerileri\u00a0olmayan, ya da\u00a0kimi \u00e7\u0131kar\u0131 olan &#8220;liberaller&#8221;le geldi\u011fimiz nokta bu. &#8220;Dinciler&#8221;den \u00e7ok bunlara k\u0131z\u0131yorum&#8230;<\/p>\n<p><strong>Dr. Filiz Ey\u00fcbo\u011flu (E\u011fitim Bilimci)<\/strong><\/p>\n<!-- Error, Advert is not available at this time due to schedule\/geolocation restrictions! -->\n<!-- Error, Advert is not available at this time due to schedule\/geolocation restrictions! -->\n","protected":false},"excerpt":{"rendered":"<p>4 + 4 + 4 \u015feklinde e\u011fitimi 12 y\u0131la \u00e7\u0131kar\u0131yoruz kand\u0131rmacas\u0131 ile toplum aptal yerine konmak istenmektedir. <\/p>\n","protected":false},"author":9192206,"featured_media":99055,"comment_status":"open","ping_status":"open","sticky":false,"template":"","format":"standard","meta":{"_acf_changed":false,"footnotes":""},"categories":[6663,6155],"tags":[93945,93944,196009,93943,93946,52753],"class_list":["post-99053","post","type-post","status-publish","format-standard","has-post-thumbnail","hentry","category-egitim","category-gundem","tag-acik-ogretim","tag-egitim-sistemi","tag-filiz-eyuboglu","tag-turkiye-egitim-sistemi","tag-uzaktan-egitim","tag-zorunlu-egitim"],"acf":[],"_links":{"self":[{"href":"https:\/\/www.nationalturk.com\/tr\/wp-json\/wp\/v2\/posts\/99053","targetHints":{"allow":["GET"]}}],"collection":[{"href":"https:\/\/www.nationalturk.com\/tr\/wp-json\/wp\/v2\/posts"}],"about":[{"href":"https:\/\/www.nationalturk.com\/tr\/wp-json\/wp\/v2\/types\/post"}],"author":[{"embeddable":true,"href":"https:\/\/www.nationalturk.com\/tr\/wp-json\/wp\/v2\/users\/9192206"}],"replies":[{"embeddable":true,"href":"https:\/\/www.nationalturk.com\/tr\/wp-json\/wp\/v2\/comments?post=99053"}],"version-history":[{"count":0,"href":"https:\/\/www.nationalturk.com\/tr\/wp-json\/wp\/v2\/posts\/99053\/revisions"}],"wp:featuredmedia":[{"embeddable":true,"href":"https:\/\/www.nationalturk.com\/tr\/wp-json\/wp\/v2\/media\/99055"}],"wp:attachment":[{"href":"https:\/\/www.nationalturk.com\/tr\/wp-json\/wp\/v2\/media?parent=99053"}],"wp:term":[{"taxonomy":"category","embeddable":true,"href":"https:\/\/www.nationalturk.com\/tr\/wp-json\/wp\/v2\/categories?post=99053"},{"taxonomy":"post_tag","embeddable":true,"href":"https:\/\/www.nationalturk.com\/tr\/wp-json\/wp\/v2\/tags?post=99053"}],"curies":[{"name":"wp","href":"https:\/\/api.w.org\/{rel}","templated":true}]}}