{"id":99182,"date":"2012-02-26T13:45:10","date_gmt":"2012-02-26T11:45:10","guid":{"rendered":"http:\/\/www.nationalturk.com\/?p=99182"},"modified":"2012-02-26T13:51:37","modified_gmt":"2012-02-26T11:51:37","slug":"chp-kurultay-gunu-6213","status":"publish","type":"post","link":"https:\/\/www.nationalturk.com\/tr\/chp-kurultay-gunu-6213\/","title":{"rendered":"CHP&#8217;de kurultay g\u00fcn\u00fc"},"content":{"rendered":"<h2><a href=\"http:\/\/www.nationalturk.com\/tr\/wp-content\/uploads\/2012\/02\/chp-kurultayi-2012.jpg\"><img loading=\"lazy\" decoding=\"async\" class=\"alignnone size-large wp-image-99183\" title=\"CHP&#039;de kurultay g\u00fcn\u00fc\" src=\"http:\/\/www.nationalturk.com\/tr\/wp-content\/uploads\/2012\/02\/chp-kurultayi-2012-610x360.jpg\" alt=\"\" width=\"610\" height=\"360\" srcset=\"https:\/\/www.nationalturk.com\/tr\/wp-content\/uploads\/2012\/02\/chp-kurultayi-2012-610x360.jpg 610w, https:\/\/www.nationalturk.com\/tr\/wp-content\/uploads\/2012\/02\/chp-kurultayi-2012-280x165.jpg 280w, https:\/\/www.nationalturk.com\/tr\/wp-content\/uploads\/2012\/02\/chp-kurultayi-2012.jpg 620w\" sizes=\"auto, (max-width: 610px) 100vw, 610px\" \/><\/a><\/h2>\n<h2>Cumhuriyet Halk Partisi&#8217;nin (CHP), 16. Ola\u011fan\u00fcst\u00fc Kurultay\u0131 Ankara Arena Spor Salonu&#8217;nda yap\u0131l\u0131yor.<\/h2>\n<p>CHP 16. Ola\u011fan\u00fcst\u00fc Kurultay\u0131, Ankara Arena Kapal\u0131 Spor Salonu&#8217;nda ba\u015flad\u0131. Divan Ba\u015fkan\u0131 Adnan Keskin, bir konu\u015fma yapt\u0131. T\u00fcz\u00fck komisyonu, de\u011fi\u015fiklik teklifi \u00fczerindeki \u00e7al\u0131\u015fmas\u0131na ba\u015flad\u0131.<\/p>\n<p>Kurultayda Ergenekon davas\u0131 kapsam\u0131nda tutuklu bulunan Mehmet Haberal ile Mustafa Balbay ve ge\u00e7ti\u011fimiz hafta tutuksuz yarg\u0131lanmak \u00fczere serbest b\u0131rak\u0131lan Do\u011fan Yurdakul&#8217;un mesajlar\u0131 okundu.<\/p>\n<p>Daha sonra t\u00fcz\u00fckteki 49 maddenin de\u011fi\u015ftirilmesini \u00f6ng\u00f6ren teklif okundu. Ard\u0131ndan t\u00fcz\u00fck komisyonunda yer alan isimler anons edildi.<\/p>\n<h3><a href=\"http:\/\/www.nationalturk.com\/tr\/wp-content\/uploads\/2012\/02\/kemal-kilicdaroglu-kurultay.jpg\"><img loading=\"lazy\" decoding=\"async\" class=\"alignleft size-medium wp-image-99184\" title=\"Kemal K\u0131l\u0131\u00e7daro\u011fu\" src=\"http:\/\/www.nationalturk.com\/tr\/wp-content\/uploads\/2012\/02\/kemal-kilicdaroglu-kurultay-280x192.jpg\" alt=\"\" width=\"280\" height=\"192\" srcset=\"https:\/\/www.nationalturk.com\/tr\/wp-content\/uploads\/2012\/02\/kemal-kilicdaroglu-kurultay-280x192.jpg 280w, https:\/\/www.nationalturk.com\/tr\/wp-content\/uploads\/2012\/02\/kemal-kilicdaroglu-kurultay-580x400.jpg 580w, https:\/\/www.nationalturk.com\/tr\/wp-content\/uploads\/2012\/02\/kemal-kilicdaroglu-kurultay.jpg 620w\" sizes=\"auto, (max-width: 280px) 100vw, 280px\" \/><\/a>Kemal K\u0131l\u0131\u00e7daro\u011flu konu\u015fma yapt\u0131: G\u00fczel bir kurultay yapaca\u011f\u0131z, demokrasi \u015f\u00f6leni ya\u015fayaca\u011f\u0131z<\/h3>\n<p>CHP Genel Ba\u015fkan\u0131 Kemal K\u0131l\u0131\u00e7daro\u011flu e\u015fi Selvi K\u0131l\u0131\u00e7daro\u011flu ile beraber kongrenin yap\u0131ld\u0131\u011f\u0131 spor salonuna giri\u015f yapt\u0131. K\u0131l\u0131\u00e7daro\u011flu, salona \u00e7ok yo\u011fun bir kalabal\u0131k e\u015fli\u011finde giri\u015f yapt\u0131. K\u0131l\u0131\u00e7daro\u011flu&#8217;nun giri\u015fi s\u0131ras\u0131na k\u00fc\u00e7\u00fck \u00e7apl\u0131 bir izdiham ya\u015fan\u0131rken partililer genel ba\u015fkanlar\u0131na b\u00fcy\u00fck sevgi g\u00f6sterisinde bulundu.<\/p>\n<p>CHP lideri yan\u0131ndaki kalabal\u0131kla beraber delegeleri ve izleyicileri selamlad\u0131. Korumalar\u0131 K\u0131l\u0131\u00e7daro\u011flu&#8217;nu yo\u011fun ilgiden korumaya \u00e7al\u0131\u015f\u0131rken CHP lideri de delegeler ve izleyicileri selamlad\u0131, onlara el sallad\u0131. K\u0131l\u0131\u00e7daro\u011flu&#8217;nun salona giri\u015fi s\u0131ras\u0131nda yan\u0131nda Genel Ba\u015fkan Yard\u0131mc\u0131lar\u0131 G\u00fcrsel Tekin ve Nihat Matkap da bulundu.<\/p>\n<h4>\u0130sa G\u00f6k gerginli\u011fi<\/h4>\n<p>K\u0131l\u0131d\u00e7aro\u011flu konu\u015fmaya ba\u015flarken, k\u00fcrs\u00fcn\u00fcn \u00f6n\u00fcnde bekleyen Mersin Milletvekili \u0130sa G\u00f6k ile partililer aras\u0131nda arbede ya\u015fand\u0131. K\u0131l\u0131\u00e7daro\u011flu g\u00fcvenlik \u00f6nlemleri \u00fczerine &#8220;Arkada\u015flar l\u00fctfen \u00e7ekilin. Beni CHP\u2019lilerden korumak gibi bir g\u00f6reviniz olmamal\u0131&#8221; dedi.<\/p>\n<h5><a href=\"http:\/\/www.nationalturk.com\/tr\/wp-content\/uploads\/2012\/02\/chp-tuzuk-kurultayi.jpg\"><img loading=\"lazy\" decoding=\"async\" class=\"alignleft size-medium wp-image-99188\" title=\"CHP Kurultay\" src=\"http:\/\/www.nationalturk.com\/tr\/wp-content\/uploads\/2012\/02\/chp-tuzuk-kurultayi-280x195.jpg\" alt=\"\" width=\"280\" height=\"195\" srcset=\"https:\/\/www.nationalturk.com\/tr\/wp-content\/uploads\/2012\/02\/chp-tuzuk-kurultayi-280x195.jpg 280w, https:\/\/www.nationalturk.com\/tr\/wp-content\/uploads\/2012\/02\/chp-tuzuk-kurultayi-572x400.jpg 572w, https:\/\/www.nationalturk.com\/tr\/wp-content\/uploads\/2012\/02\/chp-tuzuk-kurultayi.jpg 620w\" sizes=\"auto, (max-width: 280px) 100vw, 280px\" \/><\/a>K\u0131l\u0131\u00e7daro\u011flu\u2019nun konu\u015fmas\u0131ndan dikkat \u00e7eken b\u00f6l\u00fcmler \u015f\u00f6yle:<\/h5>\n<p>-Bu kurultayda hi\u00e7 kimsenin kurultay\u0131n huzurunu bozmaya ne hakk\u0131 ne de yetkisi yoktur.<\/p>\n<p>-Tek bir \u015feye inan\u0131yorum ba\u015far\u0131n\u0131n temel ko\u015fulu g\u00fcc\u00fcn\u00fc halktan almakt\u0131r.<\/p>\n<p>-Devrimciler, Kuvvayi Milliyeciler, halk\u00e7\u0131lar, sevgili CHP&#8217;liler sizleri selaml\u0131yorum.<\/p>\n<p>-Diyorlar ki CHP&#8217;nin bu \u00fclkeye bir dikili a\u011fac\u0131 yoktur. Bu \u00fclkede ilk u\u00e7a\u011f\u0131 kim yapt\u0131? Sen \u015fimdi yapabilir yor musunuz? \u0130lk denizalt\u0131y\u0131 kim yapt\u0131 bu \u00fclkede? 1940&#8217;da Osmanl\u0131&#8217;n\u0131n bor\u00e7lar\u0131 son kuru\u015funa kadar \u00f6dendi. Kim \u00f6dedi? CHP \u00f6dedi.<\/p>\n<p>-CHP 2. D\u00fcnya Sava\u015f\u0131&#8217;na girmedi, birilerinin dolduru\u015funa gelmedi kimsenin \u00e7ocu\u011funu babas\u0131z b\u0131rakmad\u0131.<\/p>\n<p>-22 Eyl\u00fcl 1947, Merkez Bankas\u0131&#8217;n\u0131n a\u00e7\u0131klamas\u0131 176 ton kasam\u0131zda alt\u0131n var diyor. \u0130\u015fte CHP budur. CHP yabanc\u0131lara el a\u00e7mayan bir partidir.<\/p>\n<p>-CHP yolsuzluklara bula\u015fmad\u0131, yolsuzluk yapanlar\u0131 Y\u00fcce Divan&#8217;a g\u00f6nderdi.<\/p>\n<p>-CHP&#8217;li olmak kolay bir \u015fey de\u011fildir, CHP&#8217;li olmak devrimci olmak demektir. \u00c7a\u011f de\u011fi\u015ftirecek kudrete sahip olmak demektir. \u0130\u015fte bu y\u00fczden CHP&#8217;li olmak kolay de\u011fildir.<\/p>\n<p>-Yani \u00f6zetle CHP&#8217;li olmak demek Mustafa kemal olmak demektir.<\/p>\n<p>-\u015eimdi \u00f6zg\u00fcrl\u00fc\u011f\u00fcn ve demokrasinin devrimini yapmak zorunday\u0131z. Bunun i\u00e7in de ilk \u00f6nce CHP&#8217;den ba\u015flayaca\u011f\u0131z. CHP&#8217;nin t\u00fcz\u00fc\u011f\u00fcn\u00fc demokratik, \u00f6zg\u00fcrl\u00fck\u00e7\u00fc bir t\u00fcz\u00fck yapaca\u011f\u0131z. Demokrasiyi kendi i\u00e7imizde yapaca\u011f\u0131z ki \u00fclkemiz i\u00e7in de isteyelim.<\/p>\n<p>-\u0130\u015fte bu y\u00fczden bug\u00fcn bizim partimiz i\u00e7in de \u00fclkemiz i\u00e7in de \u00f6nemli bir g\u00fcnd\u00fcr. Bu t\u00fcz\u00fck gelmi\u015f ge\u00e7mi\u015f en demokratik t\u00fcz\u00fckt\u00fcr.<\/p>\n<p>-T\u00fcrkiye&#8217;deki b\u00fct\u00fcn kad\u0131nlara sesleniyorum. Size se\u00e7me ve se\u00e7ilme hakk\u0131n\u0131 veren CHP sizlerin evinizdir. Kap\u0131m\u0131z onlara sonuna kadar a\u00e7\u0131kt\u0131r. \u015eimdi onlara bir hak daha getiriyoruz. Y\u00fczden 33 kota. Ben kad\u0131nlara g\u00fcveniyorum. Biz sizin i\u00e7in m\u00fccadele ediyoruz kad\u0131nlarda edecekler.<\/p>\n<p>-Bu y\u00fczden parlamentoya gelen 4+4+4 kesintili e\u011fitim tasar\u0131s\u0131na kar\u015f\u0131 \u00e7\u0131kaca\u011f\u0131z.<\/p>\n<p>-Bizim de kad\u0131nlardan beklentilerimiz var. Toplumun k\u0131lcal damarlar\u0131na ineceksiniz. Kimseyi \u00f6tekile\u015ftirmeden, k\u0131l\u0131\u011f\u0131na k\u0131yafetine bakmadan CHP \u00e7at\u0131s\u0131 alt\u0131na getireceksiniz, onlar da haklar\u0131n\u0131 CHP&#8217;de arayacaklar.<\/p>\n<p>-Yeni CHP ne demek? \u0130\u015fte yeni CHP bu demek. Kad\u0131nlara, gen\u00e7lere inanmak demek.<\/p>\n<p>-Demokrasiyi hayat\u0131 boyunca bir k\u00fcf\u00fcr rejimi olarak g\u00f6renlerden demokrasi beklenebilir mi? \u00d6zg\u00fcrl\u00fck beklenebilir mi? &#8220;Eski g\u00f6mle\u011fimi \u00e7\u0131kard\u0131m, yerine demokrasi g\u00f6mle\u011fi giydim&#8221; dedi. Baz\u0131 ayd\u0131nlar da bunu ger\u00e7ek\u00e7i buldu\u011funu s\u00f6yledi. Buradan sesleniyorum. Demokrasi, bir devletin giysisi de\u011fil, bir devletin ruhudur.<\/p>\n<p>-Geldi\u011fimiz noktaya postmodern diktat\u00f6rl\u00fck diyoruz.<\/p>\n<p>-TBMM&#8217;de CHP&#8217;nin konu\u015fmamas\u0131 i\u00e7in t\u00fcz\u00fck de\u011fi\u015ftiriyorlar. Direniyoruz \u00fczerimize sald\u0131r\u0131yorlar. Yarg\u0131 ise siyasi otoritenin elinde. Bir yarg\u0131\u00e7, bir savc\u0131 AKP&#8217;nin be\u011fenmedi\u011fi bir karar al\u0131rsa sadece be\u015f dakikada g\u00f6revden al\u0131yorlar.<\/p>\n<p>-Bu nas\u0131l demokrasi, konu\u015fun diyorlar ama sadece benim gibi konu\u015f, d\u00fc\u015f\u00fcn ama sadece benim gibi d\u00fc\u015f\u00fcn diyorlar.<\/p>\n<p>-Gen\u00e7ler ak\u0131l almaz su\u00e7lamalarla cezaevinde tutuluyor. Bu gen\u00e7ler neyle su\u00e7lan\u0131yorlar biliyor musunuz, \u00e7antas\u0131nda yumurta ta\u015f\u0131mak, 1 May\u0131s&#8217;a kat\u0131lmak, 8 Mart Emek\u00e7i Kad\u0131nlar g\u00fcn\u00fcne kat\u0131lmak, Y\u00d6K&#8217;\u00fc protesto etmek&#8230;<\/p>\n<p>-Halk\u0131n iktidar\u0131nda, CHP iktidar\u0131nda o Y\u00d6K&#8217;\u00fc y\u0131kaca\u011f\u0131z tuzla buz edece\u011fiz.<\/p>\n<p>-Deniz Gezmi\u015f&#8217;i anan gen\u00e7lere ceza veriliyor. AKP gen\u00e7leri d\u00fc\u015fman olarak g\u00f6r\u00fcyor, bunlar gen\u00e7lerimizin aras\u0131na kin tohumu ekiyor. T\u00fcrkiye Cumhuriyeti tarihinin en b\u00fcy\u00fck b\u00f6l\u00fcc\u00fcs\u00fc Recep Tayyip Erdo\u011fan&#8217;d\u0131r.<\/p>\n<!-- Error, Advert is not available at this time due to schedule\/geolocation restrictions! -->\n","protected":false},"excerpt":{"rendered":"<p>Cumhuriyet Halk Partisi&#8217;nin (CHP), 16. Ola\u011fan\u00fcst\u00fc Kurultay\u0131 Ankara Arena Spor Salonu&#8217;nda yap\u0131l\u0131yor.<\/p>\n","protected":false},"author":3,"featured_media":99188,"comment_status":"open","ping_status":"open","sticky":false,"template":"","format":"standard","meta":{"_acf_changed":false,"footnotes":""},"categories":[6155,5005,6202,349,6805],"tags":[67331,8723,25617,54025,23810,5115,25470,18637,26045,52246],"class_list":["post-99182","post","type-post","status-publish","format-standard","has-post-thumbnail","hentry","category-gundem","category-manset","category-politika","category-son-dakika","category-turkiye","tag-adnan-keskin","tag-chp","tag-chp-kurultayi","tag-chp-tuzuk","tag-isa-gok","tag-kemal-kilicdaroglu","tag-mehmet-haberal","tag-mustafa-balbay","tag-selvi-kilicdaroglu","tag-tuzuk"],"acf":[],"_links":{"self":[{"href":"https:\/\/www.nationalturk.com\/tr\/wp-json\/wp\/v2\/posts\/99182","targetHints":{"allow":["GET"]}}],"collection":[{"href":"https:\/\/www.nationalturk.com\/tr\/wp-json\/wp\/v2\/posts"}],"about":[{"href":"https:\/\/www.nationalturk.com\/tr\/wp-json\/wp\/v2\/types\/post"}],"author":[{"embeddable":true,"href":"https:\/\/www.nationalturk.com\/tr\/wp-json\/wp\/v2\/users\/3"}],"replies":[{"embeddable":true,"href":"https:\/\/www.nationalturk.com\/tr\/wp-json\/wp\/v2\/comments?post=99182"}],"version-history":[{"count":0,"href":"https:\/\/www.nationalturk.com\/tr\/wp-json\/wp\/v2\/posts\/99182\/revisions"}],"wp:featuredmedia":[{"embeddable":true,"href":"https:\/\/www.nationalturk.com\/tr\/wp-json\/wp\/v2\/media\/99188"}],"wp:attachment":[{"href":"https:\/\/www.nationalturk.com\/tr\/wp-json\/wp\/v2\/media?parent=99182"}],"wp:term":[{"taxonomy":"category","embeddable":true,"href":"https:\/\/www.nationalturk.com\/tr\/wp-json\/wp\/v2\/categories?post=99182"},{"taxonomy":"post_tag","embeddable":true,"href":"https:\/\/www.nationalturk.com\/tr\/wp-json\/wp\/v2\/tags?post=99182"}],"curies":[{"name":"wp","href":"https:\/\/api.w.org\/{rel}","templated":true}]}}