{"id":99458,"date":"2012-02-28T18:38:59","date_gmt":"2012-02-28T16:38:59","guid":{"rendered":"http:\/\/www.nationalturk.com\/?p=99458"},"modified":"2012-02-28T18:39:38","modified_gmt":"2012-02-28T16:39:38","slug":"askeri-usse-nato-bayragi-1269","status":"publish","type":"post","link":"https:\/\/www.nationalturk.com\/tr\/askeri-usse-nato-bayragi-1269\/","title":{"rendered":"Askeri \u00fcsse NATO bayra\u011f\u0131 as\u0131ld\u0131"},"content":{"rendered":"<h2><a href=\"http:\/\/www.nationalturk.com\/tr\/wp-content\/uploads\/2012\/02\/askeri-usse-nato-bayragi.jpg\"><img loading=\"lazy\" decoding=\"async\" class=\"alignleft size-full wp-image-99459\" title=\"Askeri \u00fcsse NATO bayra\u011f\u0131 as\u0131ld\u0131\" src=\"http:\/\/www.nationalturk.com\/tr\/wp-content\/uploads\/2012\/02\/askeri-usse-nato-bayragi.jpg\" alt=\"\" width=\"200\" height=\"160\"><\/a>Malatya&#8217;n\u0131n K\u00fcrecik K\u00f6y\u00fcnde faaliyete ge\u00e7en F\u00fcze Kalkan\u0131 Radar Sistemi&#8217;nin bulundu\u011fu askeri \u00fcsse, NATO bayra\u011f\u0131 as\u0131ld\u0131.<\/h2>\n<p>\u00dcsse, ABD&#8217;li askerlerinde g\u00f6reve ba\u015flamas\u0131 ile birlikte NATO Bayra\u011f\u0131 da as\u0131ld\u0131.<\/p>\n<p>K\u00fcrecik K\u00f6y\u00fcndeki yakla\u015f\u0131k 2 bin rak\u0131ml\u0131 da\u011f\u0131n u\u00e7 noktas\u0131nda kurulu bulunan F\u00fcze Kalkan\u0131 Radar Savunma \u00dcss\u00fc&#8217;nde ABD&#8217;li askerlerin g\u00f6reve ba\u015flad\u0131\u011f\u0131n\u0131 b\u00f6lgedeki vatanda\u015flarda do\u011frulayarak, ABD&#8217;li askerlerin, T\u00fcrk askerlerinin sa\u011flad\u0131\u011f\u0131 s\u0131k\u0131 g\u00fcvenlik \u00f6nlemleri alt\u0131nda \u00fcsse giri\u015f-\u00e7\u0131k\u0131\u015f yapt\u0131\u011f\u0131n\u0131 belirttiler.<\/p>\n<p>F\u00fcze Kalkan\u0131 Radar Sistemi&#8217;nin bulundu\u011fu askeri \u00fcsse ABD&#8217;li askerlerinde gelmesi ile birlikte NATO Bayra\u011f\u0131&#8217;n\u0131n as\u0131ld\u0131\u011f\u0131 g\u00f6r\u00fcld\u00fc. ABD&#8217;li askerlerin \u00fcsse, sivil ara\u00e7larla giri\u015f \u00e7\u0131k\u0131\u015f yapt\u0131klar\u0131 belirtildi.<\/p>\n<p>Sistemin tamamen faaliyete ge\u00e7ti\u011fi ve b\u00f6lgedeki g\u00fcvenlik \u00f6nlemlerinin ise s\u0131kla\u015ft\u0131r\u0131ld\u0131\u011f\u0131 belirtildi. NATO f\u00fcze savunma sistemi kapsam\u0131ndaki Radar Tesisinin Komutanl\u0131\u011f\u0131n\u0131n T\u00fcrk Subay\u0131 taraf\u0131ndan, \u00e7evre g\u00fcvenli\u011finin ise yine 7. Ana Jet \u00dcss\u00fc&#8217;ne ba\u011fl\u0131 birliklerce sa\u011fland\u0131\u011f\u0131 \u00f6\u011frenildi.<\/p>\n<h3>K\u00fcrecik F\u00fcze Kalkan\u0131 protestolar\u0131 devam ediyor<\/h3>\n<p>K\u00fcrecik F\u00fcze Kalkan\u0131 Protesto grubu taraf\u0131ndan kurulan \u00e7ad\u0131rda ise protestolar 128. g\u00fcn\u00fcne girdi. Platform ad\u0131na a\u00e7\u0131klama yapan Kenan Cebe, 128. g\u00fcne girdiklerini ve ABD&#8217;li askerlerin gici\u015f ve geli\u015flerinde g\u00fcvenli\u011fin s\u0131k\u0131 \u015fekilde sa\u011fland\u0131\u011f\u0131n\u0131 belirterek, \u00e7ad\u0131r\u0131n \u00f6n\u00fcnde de \u00f6nlem al\u0131nd\u0131\u011f\u0131n\u0131 belirttiler. Cebe, ABD&#8217;li askerlerin kendilerine selam vermesi halinde ise almayacaklar\u0131n\u0131 ve tamamen bu sisteme kar\u015f\u0131 olduklar\u0131n\u0131 ifade etti.<\/p>\n<p>\u00d6te yandan K\u00fcrecik K\u00f6y\u00fcndeki vatanda\u015flar ise, F\u00fcze Kalkan\u0131 Radar Savunma Sistemi&#8217;ne tamamen kar\u015f\u0131 olduklar\u0131n\u0131 ve her hangi bir sava\u015f \u00e7\u0131kmas\u0131 durumunda kendilerinin hedefte olduklar\u0131n\u0131 s\u00f6ylediler.<\/p>\n<!-- Error, Advert is not available at this time due to schedule\/geolocation restrictions! -->\n<!-- Error, Advert is not available at this time due to schedule\/geolocation restrictions! -->\n","protected":false},"excerpt":{"rendered":"<p>Malatya&#8217;n\u0131n K\u00fcrecik K\u00f6y\u00fcnde faaliyete ge\u00e7en F\u00fcze Kalkan\u0131 Radar Sistemi&#8217;nin bulundu\u011fu askeri \u00fcsse, NATO bayra\u011f\u0131 as\u0131ld\u0131.<\/p>\n","protected":false},"author":3,"featured_media":99459,"comment_status":"open","ping_status":"open","sticky":false,"template":"","format":"standard","meta":{"_acf_changed":false,"footnotes":""},"categories":[6768,6769,6770,6665,6155,5005,6805,6662],"tags":[94272,54831,94273],"class_list":["post-99458","post","type-post","status-publish","format-standard","has-post-thumbnail","hentry","category-amerika","category-asya","category-avrupa","category-dunya","category-gundem","category-manset","category-turkiye","category-yasam","tag-askeri-us","tag-fuze-kalkani","tag-nato-bayragi"],"acf":[],"_links":{"self":[{"href":"https:\/\/www.nationalturk.com\/tr\/wp-json\/wp\/v2\/posts\/99458","targetHints":{"allow":["GET"]}}],"collection":[{"href":"https:\/\/www.nationalturk.com\/tr\/wp-json\/wp\/v2\/posts"}],"about":[{"href":"https:\/\/www.nationalturk.com\/tr\/wp-json\/wp\/v2\/types\/post"}],"author":[{"embeddable":true,"href":"https:\/\/www.nationalturk.com\/tr\/wp-json\/wp\/v2\/users\/3"}],"replies":[{"embeddable":true,"href":"https:\/\/www.nationalturk.com\/tr\/wp-json\/wp\/v2\/comments?post=99458"}],"version-history":[{"count":0,"href":"https:\/\/www.nationalturk.com\/tr\/wp-json\/wp\/v2\/posts\/99458\/revisions"}],"wp:featuredmedia":[{"embeddable":true,"href":"https:\/\/www.nationalturk.com\/tr\/wp-json\/wp\/v2\/media\/99459"}],"wp:attachment":[{"href":"https:\/\/www.nationalturk.com\/tr\/wp-json\/wp\/v2\/media?parent=99458"}],"wp:term":[{"taxonomy":"category","embeddable":true,"href":"https:\/\/www.nationalturk.com\/tr\/wp-json\/wp\/v2\/categories?post=99458"},{"taxonomy":"post_tag","embeddable":true,"href":"https:\/\/www.nationalturk.com\/tr\/wp-json\/wp\/v2\/tags?post=99458"}],"curies":[{"name":"wp","href":"https:\/\/api.w.org\/{rel}","templated":true}]}}