{"id":99935,"date":"2012-03-03T13:02:32","date_gmt":"2012-03-03T11:02:32","guid":{"rendered":"http:\/\/www.nationalturk.com\/?p=99935"},"modified":"2012-03-03T13:02:32","modified_gmt":"2012-03-03T11:02:32","slug":"fatih-terim-koreografisi-ispanya-basininda-galatasaray-haberleri-99935","status":"publish","type":"post","link":"https:\/\/www.nationalturk.com\/tr\/fatih-terim-koreografisi-ispanya-basininda-galatasaray-haberleri-99935\/","title":{"rendered":"Fatih Terim koreografisi \u0130spanya bas\u0131n\u0131nda \/ Galatasaray Haberleri"},"content":{"rendered":"<h1><img loading=\"lazy\" decoding=\"async\" class=\"alignnone size-large wp-image-99936\" title=\"\" src=\"http:\/\/www.nationalturk.com\/tr\/wp-content\/uploads\/2012\/03\/galatasaray_taraftari4-610x394.jpg\" alt=\"\" width=\"610\" height=\"394\" srcset=\"https:\/\/www.nationalturk.com\/tr\/wp-content\/uploads\/2012\/03\/galatasaray_taraftari4-610x394.jpg 610w, https:\/\/www.nationalturk.com\/tr\/wp-content\/uploads\/2012\/03\/galatasaray_taraftari4-280x180.jpg 280w, https:\/\/www.nationalturk.com\/tr\/wp-content\/uploads\/2012\/03\/galatasaray_taraftari4.jpg 712w\" sizes=\"auto, (max-width: 610px) 100vw, 610px\" \/><\/h1>\n<h1>Fatih Terim koreografisi \u0130spanya bas\u0131n\u0131nda \/ Galatasaray Haberleri&#8230;\u00a0Galatasarayl\u0131 taraftarlar\u0131n, T\u00fcrk Telekom Arena Stad\u0131&#8217;ndaki Be\u015fikta\u015f derbisinde yapt\u0131klar\u0131 3 boyutlu trib\u00fcn g\u00f6sterisi \u0130spanya&#8217;da b\u00fcy\u00fck yank\u0131 buldu.<\/h1>\n<p>Milliyet Gazetesi&#8217;nin haberine g\u00f6re; \u0130spanya&#8217;n\u0131n \u00f6nde gelen spor programlar\u0131, Fatih Terim ve oyuncular\u0131n \u00f6n planda oldu\u011fu bu g\u00f6sterinin g\u00f6r\u00fcnt\u00fclerini dakikalarca g\u00f6sterirlerken, yorumcular Galatasaray taraftarlar\u0131na \u201cy\u0131l\u0131n taraftar\u0131\u201d \u00f6d\u00fcl\u00fc verilmesini \u00f6nerdiler. Bu programlarda, g\u00f6sterinin yan\u0131 s\u0131ra daha \u00f6nceki bir ma\u00e7ta desibel rekorunun k\u0131r\u0131ld\u0131\u011f\u0131 da hat\u0131rlat\u0131ld\u0131.<\/p>\n<p>\u0130spanya&#8217;n\u0131n en \u00fcnl\u00fc spor program\u0131 Punto Pelota&#8217;ya kat\u0131lan \u00fcnl\u00fc spor yorumcular\u0131 ise bu g\u00f6sterinin T\u00fcrkler&#8217;in d\u00fcnyaca \u00fcnl\u00fc teknik direkt\u00f6r\u00fc Fatih Terim&#8217;e adand\u0131\u011f\u0131n\u0131 da vurgulad\u0131lar. T\u00fcrkler&#8217;in, Terim sevgisinin, \u00fclkeyi a\u015ft\u0131\u011f\u0131na dikkat \u00e7ekilen programda \u00fcnl\u00fc \u00e7al\u0131\u015ft\u0131r\u0131c\u0131n\u0131n Avrupa&#8217;da bile fanlar\u0131n\u0131n oldu\u011f\u0131u ifade edildi.<\/p>\n<p><strong>Koreografi b\u00fcy\u00fclemi\u015fti<\/strong><\/p>\n<p>Galatasaray taraftarlar\u0131 T\u00fcrk Telekom Arena\u2019y\u0131 doldururken, ger\u00e7ekle\u015ftirilen g\u00f6rsel \u015fov b\u00fcy\u00fck alk\u0131\u015f ald\u0131. Pegasus trib\u00fcn\u00fcnde sar\u0131-k\u0131rm\u0131z\u0131l\u0131 kartonlar ve pankartlarla, \u201dCim-bom ba\u015f\u0131 dik y\u00fcr\u00fcr\u201d yaz\u0131l\u0131rken, daha sonra Fatih Terim\u2019in parma\u011f\u0131yla ileriyi i\u015faret etti\u011fi ve hemen \u00f6n\u00fcnde oyuncular\u0131n bulundu\u011fu iki ayr\u0131 dev fig\u00fcr a\u00e7\u0131ld\u0131. Teknik direkt\u00f6r Fatih Terim, \u201dBraveheart\u201d filminin m\u00fczi\u011fi e\u015fli\u011finde ger\u00e7ekle\u015ftirilen bu g\u00f6rsel \u015fovu trib\u00fcn\u00fcn \u00f6n\u00fcne kadar gelerek izledi ve tecr\u00fcbeli teknik adam\u0131n olduk\u00e7a duyguland\u0131\u011f\u0131 g\u00f6zlendi.<\/p>\n<p>Fatih Terim, Galatasaray Be\u015fikta\u015f ma\u00e7\u0131 sonras\u0131 d\u00fczenlenen bas\u0131n toplant\u0131s\u0131nda kendisi i\u00e7in yap\u0131lan \u015fovun hat\u0131rlat\u0131lmas\u0131 \u00fczerine \u00c7ok duyguland\u0131m ve yo\u011fun dakikalar ya\u015fad\u0131m. Beni \u00e7ok mutlu ettiler. Benim bir s\u00fcr\u00fc resmim as\u0131lm\u0131\u015ft\u0131r ama bunu ben de beklemiyordum. Hislenmemek elde de\u011fil. D\u00fcnyada da \u00e7ok rastlanan bir \u015fey de\u011fil. Tak\u0131m da vard\u0131 orada, bir hedef g\u00f6sterilmi\u015fti. Bir Galatasarayl\u0131\u2019ya, kendilerinden olan birine sevgilerini ifade eden bir koreografi olarak d\u00fc\u015f\u00fcn\u00fcyorum. \u015e\u0131k ve g\u00fczel oldu. Benim ald\u0131\u011f\u0131m mesaj bu. \u2018Seni seviyoruz, tak\u0131ma inan\u0131yoruz\u2019 olarak ald\u0131m mesaj\u0131\u201d \u015feklinde konu\u015ftu.<\/p>\n<p>Felipe Melo ise \u201d\u00c7ok g\u00fczel bir koreografiydi. Kariyerimde b\u00f6yle bir \u015fey g\u00f6rmedim. Fatih hocam\u0131z bunu fazlas\u0131yla hak ediyor. \u015eampiyonlar Ligi\u2019ne ge\u00e7en yol bu y\u0131l \u015fampiyon olmaktan ge\u00e7iyor\u201d dedi.<\/p>\n<!-- Error, Advert is not available at this time due to schedule\/geolocation restrictions! -->\n","protected":false},"excerpt":{"rendered":"<p>Fatih Terim koreografisi \u0130spanya bas\u0131n\u0131nda \/ Galatasaray Haberleri&#8230; Galatasarayl\u0131 taraftarlar\u0131n, T\u00fcrk Telekom Arena Stad\u0131&#8217;ndaki Be\u015fikta\u015f derbisinde yapt\u0131klar\u0131 3 boyutlu trib\u00fcn g\u00f6sterisi \u0130spanya&#8217;da b\u00fcy\u00fck yank\u0131 buldu.<\/p>\n","protected":false},"author":4,"featured_media":185133,"comment_status":"open","ping_status":"open","sticky":false,"template":"","format":"standard","meta":{"_acf_changed":false,"footnotes":""},"categories":[6774,5005,6194],"tags":[5186,5891,94081,4114,54967,41355,94079,94078,36302,41629,94080,81735],"class_list":["post-99935","post","type-post","status-publish","format-standard","has-post-thumbnail","hentry","category-futbol","category-manset","category-spor","tag-besiktas-maci","tag-fatih-terim","tag-fatih-terim-koreografi","tag-galatasaray","tag-galatasaray-besiktas","tag-galatasaray-besiktas-maci","tag-galatasaray-kareografi","tag-galatasaray-koreografi","tag-galatasaray-maci","tag-galatasaray-taraftari","tag-galatasaray-taraftari-sov","tag-melo"],"acf":[],"_links":{"self":[{"href":"https:\/\/www.nationalturk.com\/tr\/wp-json\/wp\/v2\/posts\/99935","targetHints":{"allow":["GET"]}}],"collection":[{"href":"https:\/\/www.nationalturk.com\/tr\/wp-json\/wp\/v2\/posts"}],"about":[{"href":"https:\/\/www.nationalturk.com\/tr\/wp-json\/wp\/v2\/types\/post"}],"author":[{"embeddable":true,"href":"https:\/\/www.nationalturk.com\/tr\/wp-json\/wp\/v2\/users\/4"}],"replies":[{"embeddable":true,"href":"https:\/\/www.nationalturk.com\/tr\/wp-json\/wp\/v2\/comments?post=99935"}],"version-history":[{"count":0,"href":"https:\/\/www.nationalturk.com\/tr\/wp-json\/wp\/v2\/posts\/99935\/revisions"}],"wp:featuredmedia":[{"embeddable":true,"href":"https:\/\/www.nationalturk.com\/tr\/wp-json\/wp\/v2\/media\/185133"}],"wp:attachment":[{"href":"https:\/\/www.nationalturk.com\/tr\/wp-json\/wp\/v2\/media?parent=99935"}],"wp:term":[{"taxonomy":"category","embeddable":true,"href":"https:\/\/www.nationalturk.com\/tr\/wp-json\/wp\/v2\/categories?post=99935"},{"taxonomy":"post_tag","embeddable":true,"href":"https:\/\/www.nationalturk.com\/tr\/wp-json\/wp\/v2\/tags?post=99935"}],"curies":[{"name":"wp","href":"https:\/\/api.w.org\/{rel}","templated":true}]}}