{"id":10,"count":831,"description":"<img class=\"alignnone wp-image-282789 size-full\" src=\"https:\/\/www.nationalturk.com\/tr\/wp-content\/uploads\/2019\/10\/trump-italya.jpg\" alt=\"\u0130talya Haberleri, Son dakika ve en \u00f6nemli geli\u015fmelerini NationalTurk \u0130talya Haberleri sayfas\u0131ndan takip edebilirsiniz.\" width=\"1000\" height=\"541\" \/>\u0130talya Haberleri, Son dakika ve en \u00f6nemli geli\u015fmelerini NationalTurk \u0130talya Haberleri sayfas\u0131ndan takip edebilirsiniz.\r\n\r\nNationalTurk Italia \u2013 Objektif | Tarafs\u0131z | Farkl\u0131","link":"https:\/\/www.nationalturk.com\/tr\/haberleri\/italya\/","name":"\u0130talya","slug":"italya","taxonomy":"post_tag","meta":[],"_links":{"self":[{"href":"https:\/\/www.nationalturk.com\/tr\/wp-json\/wp\/v2\/tags\/10","targetHints":{"allow":["GET"]}}],"collection":[{"href":"https:\/\/www.nationalturk.com\/tr\/wp-json\/wp\/v2\/tags"}],"about":[{"href":"https:\/\/www.nationalturk.com\/tr\/wp-json\/wp\/v2\/taxonomies\/post_tag"}],"wp:post_type":[{"href":"https:\/\/www.nationalturk.com\/tr\/wp-json\/wp\/v2\/posts?tags=10"}],"curies":[{"name":"wp","href":"https:\/\/api.w.org\/{rel}","templated":true}]}}