{"id":2160,"count":114,"description":"<img class=\"alignnone size-large wp-image-305372\" src=\"https:\/\/www.nationalturk.com\/tr\/wp-content\/uploads\/2024\/11\/finlandiya-lapland-kuzey-isiklari-santa-claus-1024x576.jpg\" alt=\"Finlandiya ile ilgili t\u00fcm haberler NationalTurk.com'da! Finlandiya haberleri, geli\u015fmeleri ve Finlandiya Lapland foto\u011fraflar\u0131 ve Kuzey I\u015f\u0131klar\u0131 yer al\u0131yor.\" width=\"1024\" height=\"576\" \/> Finlandiya ile ilgili t\u00fcm haberler NationalTurk.com'da! Finlandiya haberleri, geli\u015fmeleri ve Finlandiya Lapland foto\u011fraflar\u0131 ve Kuzey I\u015f\u0131klar\u0131 yer al\u0131yor.","link":"https:\/\/www.nationalturk.com\/tr\/haberleri\/finlandiya\/","name":"Finlandiya","slug":"finlandiya","taxonomy":"post_tag","meta":[],"_links":{"self":[{"href":"https:\/\/www.nationalturk.com\/tr\/wp-json\/wp\/v2\/tags\/2160","targetHints":{"allow":["GET"]}}],"collection":[{"href":"https:\/\/www.nationalturk.com\/tr\/wp-json\/wp\/v2\/tags"}],"about":[{"href":"https:\/\/www.nationalturk.com\/tr\/wp-json\/wp\/v2\/taxonomies\/post_tag"}],"wp:post_type":[{"href":"https:\/\/www.nationalturk.com\/tr\/wp-json\/wp\/v2\/posts?tags=2160"}],"curies":[{"name":"wp","href":"https:\/\/api.w.org\/{rel}","templated":true}]}}