{"id":23764,"count":201,"description":"<img class=\"alignnone size-full wp-image-261274\" src=\"https:\/\/www.nationalturk.com\/tr\/wp-content\/uploads\/2018\/02\/birlesmis-milletler-1298711.jpg\" alt=\"Birle\u015fmi\u015f Milletler ile ilgili t\u00fcm haberler NationalTurk Br\u00fcksel\" width=\"864\" height=\"486\" \/>Birle\u015fmi\u015f Milletler ile ilgili t\u00fcm haberler NationalTurk.com'da! Birle\u015fmi\u015f Milletler haberleri, geli\u015fmeleri ve Birle\u015fmi\u015f Milletler foto\u011fraflar\u0131 yer al\u0131yor.","link":"https:\/\/www.nationalturk.com\/tr\/haberleri\/birlesmis-milletler\/","name":"Birle\u015fmi\u015f Milletler","slug":"birlesmis-milletler","taxonomy":"post_tag","meta":[],"_links":{"self":[{"href":"https:\/\/www.nationalturk.com\/tr\/wp-json\/wp\/v2\/tags\/23764","targetHints":{"allow":["GET"]}}],"collection":[{"href":"https:\/\/www.nationalturk.com\/tr\/wp-json\/wp\/v2\/tags"}],"about":[{"href":"https:\/\/www.nationalturk.com\/tr\/wp-json\/wp\/v2\/taxonomies\/post_tag"}],"wp:post_type":[{"href":"https:\/\/www.nationalturk.com\/tr\/wp-json\/wp\/v2\/posts?tags=23764"}],"curies":[{"name":"wp","href":"https:\/\/api.w.org\/{rel}","templated":true}]}}