{"id":37960,"count":1,"description":"","link":"https:\/\/www.nationalturk.com\/tr\/haberleri\/bafra-alacamlilar-yayla-senligi\/","name":"Bafra Ala\u00e7aml\u0131lar Yayla \u015eenli\u011fi","slug":"bafra-alacamlilar-yayla-senligi","taxonomy":"post_tag","meta":[],"_links":{"self":[{"href":"https:\/\/www.nationalturk.com\/tr\/wp-json\/wp\/v2\/tags\/37960","targetHints":{"allow":["GET"]}}],"collection":[{"href":"https:\/\/www.nationalturk.com\/tr\/wp-json\/wp\/v2\/tags"}],"about":[{"href":"https:\/\/www.nationalturk.com\/tr\/wp-json\/wp\/v2\/taxonomies\/post_tag"}],"wp:post_type":[{"href":"https:\/\/www.nationalturk.com\/tr\/wp-json\/wp\/v2\/posts?tags=37960"}],"curies":[{"name":"wp","href":"https:\/\/api.w.org\/{rel}","templated":true}]}}