{"id":38902,"count":1,"description":"","link":"https:\/\/www.nationalturk.com\/tr\/haberleri\/benjamin-netanyahu-mavi-marmara-aciklamasi\/","name":"Benjamin Netanyahu Mavi Marmara a\u00e7\u0131klamas\u0131","slug":"benjamin-netanyahu-mavi-marmara-aciklamasi","taxonomy":"post_tag","meta":[],"_links":{"self":[{"href":"https:\/\/www.nationalturk.com\/tr\/wp-json\/wp\/v2\/tags\/38902","targetHints":{"allow":["GET"]}}],"collection":[{"href":"https:\/\/www.nationalturk.com\/tr\/wp-json\/wp\/v2\/tags"}],"about":[{"href":"https:\/\/www.nationalturk.com\/tr\/wp-json\/wp\/v2\/taxonomies\/post_tag"}],"wp:post_type":[{"href":"https:\/\/www.nationalturk.com\/tr\/wp-json\/wp\/v2\/posts?tags=38902"}],"curies":[{"name":"wp","href":"https:\/\/api.w.org\/{rel}","templated":true}]}}