{"id":4110,"count":144,"description":"<img class=\"alignnone wp-image-252300\" src=\"https:\/\/www.nationalturk.com\/tr\/wp-content\/uploads\/2017\/07\/haberturk.jpg\" alt=\"Habert\u00fcrk ile ilgili t\u00fcm haberler NationalTurk.com'da! Habert\u00fcrk haberleri, geli\u015fmeleri ve Habert\u00fcrk foto\u011fraflar\u0131 yer al\u0131yor.\" width=\"800\" height=\"461\" \/>\r\n\r\nHabert\u00fcrk ile ilgili t\u00fcm haberler NationalTurk.com'da! Habert\u00fcrk haberleri, geli\u015fmeleri ve Habert\u00fcrk foto\u011fraflar\u0131 yer al\u0131yor.","link":"https:\/\/www.nationalturk.com\/tr\/haberleri\/haberturk\/","name":"Habert\u00fcrk","slug":"haberturk","taxonomy":"post_tag","meta":[],"_links":{"self":[{"href":"https:\/\/www.nationalturk.com\/tr\/wp-json\/wp\/v2\/tags\/4110","targetHints":{"allow":["GET"]}}],"collection":[{"href":"https:\/\/www.nationalturk.com\/tr\/wp-json\/wp\/v2\/tags"}],"about":[{"href":"https:\/\/www.nationalturk.com\/tr\/wp-json\/wp\/v2\/taxonomies\/post_tag"}],"wp:post_type":[{"href":"https:\/\/www.nationalturk.com\/tr\/wp-json\/wp\/v2\/posts?tags=4110"}],"curies":[{"name":"wp","href":"https:\/\/api.w.org\/{rel}","templated":true}]}}