{"id":45123,"count":1,"description":"","link":"https:\/\/www.nationalturk.com\/tr\/haberleri\/nurcan-taylan-dunya-rekoru-kirdi\/","name":"Nurcan Taylan D\u00fcnya Rekoru K\u0131rd\u0131","slug":"nurcan-taylan-dunya-rekoru-kirdi","taxonomy":"post_tag","meta":[],"_links":{"self":[{"href":"https:\/\/www.nationalturk.com\/tr\/wp-json\/wp\/v2\/tags\/45123","targetHints":{"allow":["GET"]}}],"collection":[{"href":"https:\/\/www.nationalturk.com\/tr\/wp-json\/wp\/v2\/tags"}],"about":[{"href":"https:\/\/www.nationalturk.com\/tr\/wp-json\/wp\/v2\/taxonomies\/post_tag"}],"wp:post_type":[{"href":"https:\/\/www.nationalturk.com\/tr\/wp-json\/wp\/v2\/posts?tags=45123"}],"curies":[{"name":"wp","href":"https:\/\/api.w.org\/{rel}","templated":true}]}}