{"id":52436,"count":1,"description":"","link":"https:\/\/www.nationalturk.com\/tr\/haberleri\/emekli-maaslari-bayram-oncesi-odenecek\/","name":"Emekli maa\u015flar\u0131 bayram \u00f6ncesi \u00f6denecek","slug":"emekli-maaslari-bayram-oncesi-odenecek","taxonomy":"post_tag","meta":[],"_links":{"self":[{"href":"https:\/\/www.nationalturk.com\/tr\/wp-json\/wp\/v2\/tags\/52436","targetHints":{"allow":["GET"]}}],"collection":[{"href":"https:\/\/www.nationalturk.com\/tr\/wp-json\/wp\/v2\/tags"}],"about":[{"href":"https:\/\/www.nationalturk.com\/tr\/wp-json\/wp\/v2\/taxonomies\/post_tag"}],"wp:post_type":[{"href":"https:\/\/www.nationalturk.com\/tr\/wp-json\/wp\/v2\/posts?tags=52436"}],"curies":[{"name":"wp","href":"https:\/\/api.w.org\/{rel}","templated":true}]}}