{"id":58435,"count":1,"description":"","link":"https:\/\/www.nationalturk.com\/tr\/haberleri\/fenerbahce-spor-kulubu-dernegi-baskani-aziz-yildirim\/","name":"Fenerbah\u00e7e Spor Kul\u00fcb\u00fc Derne\u011fi Ba\u015fkan\u0131 Aziz Y\u0131ld\u0131r\u0131m","slug":"fenerbahce-spor-kulubu-dernegi-baskani-aziz-yildirim","taxonomy":"post_tag","meta":[],"_links":{"self":[{"href":"https:\/\/www.nationalturk.com\/tr\/wp-json\/wp\/v2\/tags\/58435","targetHints":{"allow":["GET"]}}],"collection":[{"href":"https:\/\/www.nationalturk.com\/tr\/wp-json\/wp\/v2\/tags"}],"about":[{"href":"https:\/\/www.nationalturk.com\/tr\/wp-json\/wp\/v2\/taxonomies\/post_tag"}],"wp:post_type":[{"href":"https:\/\/www.nationalturk.com\/tr\/wp-json\/wp\/v2\/posts?tags=58435"}],"curies":[{"name":"wp","href":"https:\/\/api.w.org\/{rel}","templated":true}]}}