{"id":90596,"count":2,"description":"","link":"https:\/\/www.nationalturk.com\/tr\/haberleri\/aziz-yildirim-tahliye-mi-oluyor\/","name":"Aziz Y\u0131ld\u0131r\u0131m tahliye mi oluyor","slug":"aziz-yildirim-tahliye-mi-oluyor","taxonomy":"post_tag","meta":[],"_links":{"self":[{"href":"https:\/\/www.nationalturk.com\/tr\/wp-json\/wp\/v2\/tags\/90596","targetHints":{"allow":["GET"]}}],"collection":[{"href":"https:\/\/www.nationalturk.com\/tr\/wp-json\/wp\/v2\/tags"}],"about":[{"href":"https:\/\/www.nationalturk.com\/tr\/wp-json\/wp\/v2\/taxonomies\/post_tag"}],"wp:post_type":[{"href":"https:\/\/www.nationalturk.com\/tr\/wp-json\/wp\/v2\/posts?tags=90596"}],"curies":[{"name":"wp","href":"https:\/\/api.w.org\/{rel}","templated":true}]}}