{"id":9192204,"name":"Emre G\u00d6LL\u00dc","url":"https:\/\/www.nationalturk.com\/","description":"Emre G\u00f6ll\u00fc yaz\u0131lar\u0131n\u0131 T\u00fcrkiye ve D\u00fcnyan\u0131n en objektif gazetesi NationalTurk ile takip edin.","link":"https:\/\/www.nationalturk.com\/tr\/author\/emregollu\/","slug":"emregollu","meta":[],"acf":[],"_links":{"self":[{"href":"https:\/\/www.nationalturk.com\/tr\/wp-json\/wp\/v2\/users\/9192204","targetHints":{"allow":["GET"]}}],"collection":[{"href":"https:\/\/www.nationalturk.com\/tr\/wp-json\/wp\/v2\/users"}]}}